{"id":269841,"date":"2026-09-03T14:03:08","date_gmt":"2026-09-03T17:03:08","guid":{"rendered":"https:\/\/corrientesdetarde.com\/?p=269841"},"modified":"2026-09-03T14:03:13","modified_gmt":"2026-09-03T17:03:13","slug":"valdes-encabezo-la-apertura-del-4-congreso-ecoturistico-del-litoral","status":"publish","type":"post","link":"https:\/\/corrientesdetarde.com\/index.php\/locales\/valdes-encabezo-la-apertura-del-4-congreso-ecoturistico-del-litoral\/","title":{"rendered":"Vald\u00e9s encabez\u00f3 la apertura del 4\u00b0 Congreso Ecotur\u00edstico del Litoral"},"content":{"rendered":"\n<p><strong>El encuentro que cont\u00f3 con 1.300 inscriptos, re\u00fane durante este jueves y viernes a especialistas, funcionarios y referentes del sector para abordar el turismo de naturaleza, la conservaci\u00f3n y el desarrollo sostenible.<\/strong><\/p>\n\n\n\n<p>Con m\u00e1s de 1.300 participantes, comenz\u00f3 este jueves en el Sal\u00f3n Gran Paran\u00e1 de la ciudad de Corrientes el 4\u00b0 Congreso Ecotur\u00edstico del Litoral, bajo el lema \u201cTurismo Regenera\u201d. La propuesta re\u00fane a referentes nacionales e internacionales para intercambiar experiencias y debatir sobre conservaci\u00f3n, turismo de naturaleza y desarrollo sustentable.<\/p>\n\n\n\n<p>La agenda t\u00e9cnica aborda ejes centrales como el derecho ambiental, el turismo de naturaleza y las estrategias de valorizaci\u00f3n cultural.&nbsp; La propuesta extiende sus actividades hacia el Parque Camba Cu\u00e1 con la Feria Ecotur\u00edstica. La jornada incluye adem\u00e1s talleres pr\u00e1cticos, rondas de negocios para prestadores del sector y la entrega de reconocimientos.<\/p>\n\n\n\n<p>Durante la apertura, el gobernador Juan Pablo Vald\u00e9s destac\u00f3 la transformaci\u00f3n de los Esteros del Iber\u00e1 y el impacto que tuvo el desarrollo del turismo de naturaleza en las comunidades. En este sentido, se\u00f1al\u00f3 que la conservaci\u00f3n permiti\u00f3 convertir al humedal en un motor econ\u00f3mico para la regi\u00f3n y contribuir a romper con la estacionalidad tur\u00edstica.<\/p>\n\n\n\n<p>Asimismo, Vald\u00e9s puso en valor la continuidad de las pol\u00edticas p\u00fablicas vinculadas al Iber\u00e1 y el trabajo desarrollado durante casi una d\u00e9cada por el Comit\u00e9 Iber\u00e1. Remarc\u00f3 que este proceso gener\u00f3 nuevas oportunidades laborales y comerciales, especialmente para las localidades cercanas a los portales de acceso al parque.<\/p>\n\n\n\n<p>De cara a los pr\u00f3ximos a\u00f1os, el mandatario plante\u00f3 el desaf\u00edo de fortalecer la promoci\u00f3n internacional de Corrientes y posicionar al Iber\u00e1 en los mercados globales. \u201cTenemos que trabajar para que Corrientes sea la capital del turismo natural de toda la regi\u00f3n del Litoral\u201d, afirm\u00f3.<\/p>\n\n\n\n<p>Por su parte, el coordinador general del Comit\u00e9 Iber\u00e1, Sergio Flinta, resalt\u00f3 el valor ambiental del humedal y el compromiso institucional para sostener las pol\u00edticas de conservaci\u00f3n. \u201cIber\u00e1 es reconocido por sus funciones ecosist\u00e9micas important\u00edsimas y el aporte que hace Corrientes para mitigar el cambio clim\u00e1tico\u201d, sostuvo, y destac\u00f3 la articulaci\u00f3n entre el sector p\u00fablico y las universidades para impulsar el desarrollo local.<\/p>\n\n\n\n<p>En tanto, el ministro de Turismo, Juan Enrique Braillard Poccard, destac\u00f3 la convocatoria alcanzada por esta edici\u00f3n y consider\u00f3 que la participaci\u00f3n r\u00e9cord refleja el posicionamiento de Corrientes como referente del ecoturismo. \u201cEsto habla de las expectativas que genera Corrientes como faro del ecoturismo a nivel nacional e internacional\u201d, afirm\u00f3.<\/p>\n\n\n\n<p>En la oportunidad tambi\u00e9n estuvieron presentes, el vicegobernador, Pedro Braillard Poccard, el intendente de la ciudad de Corrientes, Claudio Polich, ministros y funcionarios del gabinete provincial, legisladores, autoridades de la Universidad Nacional del Nordeste, directores de turismo, intendentes, referentes de c\u00e1maras, asociaciones y prestadores tur\u00edsticos.<\/p>\n\n\n\n<figure class=\"wp-block-image size-large\"><img loading=\"lazy\" decoding=\"async\" width=\"1024\" height=\"683\" src=\"https:\/\/corrientesdetarde.com\/wp-content\/uploads\/2026\/09\/image-59-1024x683.png\" alt=\"\" class=\"wp-image-269843\" srcset=\"https:\/\/corrientesdetarde.com\/wp-content\/uploads\/2026\/09\/image-59-1024x683.png 1024w, https:\/\/corrientesdetarde.com\/wp-content\/uploads\/2026\/09\/image-59-300x200.png 300w, https:\/\/corrientesdetarde.com\/wp-content\/uploads\/2026\/09\/image-59-768x512.png 768w, https:\/\/corrientesdetarde.com\/wp-content\/uploads\/2026\/09\/image-59-1536x1024.png 1536w, https:\/\/corrientesdetarde.com\/wp-content\/uploads\/2026\/09\/image-59-2048x1365.png 2048w\" sizes=\"auto, (max-width: 1024px) 100vw, 1024px\" \/><\/figure>\n\n\n\n<figure class=\"wp-block-image size-large\"><img loading=\"lazy\" decoding=\"async\" width=\"1024\" height=\"683\" src=\"https:\/\/corrientesdetarde.com\/wp-content\/uploads\/2026\/09\/image-60-1024x683.png\" alt=\"\" class=\"wp-image-269844\" srcset=\"https:\/\/corrientesdetarde.com\/wp-content\/uploads\/2026\/09\/image-60-1024x683.png 1024w, https:\/\/corrientesdetarde.com\/wp-content\/uploads\/2026\/09\/image-60-300x200.png 300w, https:\/\/corrientesdetarde.com\/wp-content\/uploads\/2026\/09\/image-60-768x512.png 768w, https:\/\/corrientesdetarde.com\/wp-content\/uploads\/2026\/09\/image-60-1536x1024.png 1536w, https:\/\/corrientesdetarde.com\/wp-content\/uploads\/2026\/09\/image-60-2048x1366.png 2048w\" sizes=\"auto, (max-width: 1024px) 100vw, 1024px\" \/><\/figure>\n\n\n\n<figure class=\"wp-block-image size-large\"><img loading=\"lazy\" decoding=\"async\" width=\"1024\" height=\"683\" src=\"https:\/\/corrientesdetarde.com\/wp-content\/uploads\/2026\/09\/image-61-1024x683.png\" alt=\"\" class=\"wp-image-269845\" srcset=\"https:\/\/corrientesdetarde.com\/wp-content\/uploads\/2026\/09\/image-61-1024x683.png 1024w, https:\/\/corrientesdetarde.com\/wp-content\/uploads\/2026\/09\/image-61-300x200.png 300w, https:\/\/corrientesdetarde.com\/wp-content\/uploads\/2026\/09\/image-61-768x512.png 768w, https:\/\/corrientesdetarde.com\/wp-content\/uploads\/2026\/09\/image-61-1536x1024.png 1536w, https:\/\/corrientesdetarde.com\/wp-content\/uploads\/2026\/09\/image-61-2048x1365.png 2048w\" sizes=\"auto, (max-width: 1024px) 100vw, 1024px\" \/><\/figure>\n\n\n\n<figure class=\"wp-block-image size-large\"><img loading=\"lazy\" decoding=\"async\" width=\"1024\" height=\"683\" src=\"https:\/\/corrientesdetarde.com\/wp-content\/uploads\/2026\/09\/image-62-1024x683.png\" alt=\"\" class=\"wp-image-269846\" srcset=\"https:\/\/corrientesdetarde.com\/wp-content\/uploads\/2026\/09\/image-62-1024x683.png 1024w, https:\/\/corrientesdetarde.com\/wp-content\/uploads\/2026\/09\/image-62-300x200.png 300w, https:\/\/corrientesdetarde.com\/wp-content\/uploads\/2026\/09\/image-62-768x512.png 768w, https:\/\/corrientesdetarde.com\/wp-content\/uploads\/2026\/09\/image-62-1536x1024.png 1536w, https:\/\/corrientesdetarde.com\/wp-content\/uploads\/2026\/09\/image-62-2048x1366.png 2048w\" sizes=\"auto, (max-width: 1024px) 100vw, 1024px\" \/><\/figure>\n","protected":false},"excerpt":{"rendered":"<p>El encuentro que cont\u00f3 con 1.300 inscriptos, re\u00fane durante este jueves y viernes a especialistas, funcionarios y referentes del sector para abordar el turismo de naturaleza, la conservaci\u00f3n y el&hellip; <\/p>\n","protected":false},"author":8,"featured_media":269842,"comment_status":"closed","ping_status":"open","sticky":false,"template":"","format":"standard","meta":{"footnotes":""},"categories":[8],"tags":[],"class_list":["post-269841","post","type-post","status-publish","format-standard","has-post-thumbnail","hentry","category-locales"],"_links":{"self":[{"href":"https:\/\/corrientesdetarde.com\/index.php\/wp-json\/wp\/v2\/posts\/269841","targetHints":{"allow":["GET"]}}],"collection":[{"href":"https:\/\/corrientesdetarde.com\/index.php\/wp-json\/wp\/v2\/posts"}],"about":[{"href":"https:\/\/corrientesdetarde.com\/index.php\/wp-json\/wp\/v2\/types\/post"}],"author":[{"embeddable":true,"href":"https:\/\/corrientesdetarde.com\/index.php\/wp-json\/wp\/v2\/users\/8"}],"replies":[{"embeddable":true,"href":"https:\/\/corrientesdetarde.com\/index.php\/wp-json\/wp\/v2\/comments?post=269841"}],"version-history":[{"count":1,"href":"https:\/\/corrientesdetarde.com\/index.php\/wp-json\/wp\/v2\/posts\/269841\/revisions"}],"predecessor-version":[{"id":269847,"href":"https:\/\/corrientesdetarde.com\/index.php\/wp-json\/wp\/v2\/posts\/269841\/revisions\/269847"}],"wp:featuredmedia":[{"embeddable":true,"href":"https:\/\/corrientesdetarde.com\/index.php\/wp-json\/wp\/v2\/media\/269842"}],"wp:attachment":[{"href":"https:\/\/corrientesdetarde.com\/index.php\/wp-json\/wp\/v2\/media?parent=269841"}],"wp:term":[{"taxonomy":"category","embeddable":true,"href":"https:\/\/corrientesdetarde.com\/index.php\/wp-json\/wp\/v2\/categories?post=269841"},{"taxonomy":"post_tag","embeddable":true,"href":"https:\/\/corrientesdetarde.com\/index.php\/wp-json\/wp\/v2\/tags?post=269841"}],"curies":[{"name":"wp","href":"https:\/\/api.w.org\/{rel}","templated":true}]}}