{"id":269848,"date":"2026-09-03T14:07:42","date_gmt":"2026-09-03T17:07:42","guid":{"rendered":"https:\/\/corrientesdetarde.com\/?p=269848"},"modified":"2026-09-03T14:07:54","modified_gmt":"2026-09-03T17:07:54","slug":"una-testigo-volvio-a-senalar-un-audio-clave-en-la-causa-por-la-desaparicion-de-loan-pena","status":"publish","type":"post","link":"https:\/\/corrientesdetarde.com\/index.php\/actualidad\/una-testigo-volvio-a-senalar-un-audio-clave-en-la-causa-por-la-desaparicion-de-loan-pena\/","title":{"rendered":"Una testigo volvi\u00f3 a se\u00f1alar un audio clave en la causa por la desaparici\u00f3n de Loan Pe\u00f1a"},"content":{"rendered":"\n<p>Una testigo volvi\u00f3 a se\u00f1alar un audio clave en la causa por la desaparici\u00f3n de Loan Pe\u00f1a, que registrar\u00eda una conversaci\u00f3n entre dos menores sobre momentos previos al hecho.<a href=\"https:\/\/api.whatsapp.com\/send?text=El%20audio%20de%20los%20hijos%20de%20Ram%C3%ADrez%20y%20Millapi%20que%20impact%C3%B3%20en%20el%20juicio%20-%20https:\/\/www.diarioepoca.com\/1389073-el-audio-de-los-hijos-de-ramirez-y-millapi-que-impacto-en-el-juicio?utm_source=WhatsApp%26utm_medium=WhatsApp%26utm_campaign=WhatsApp%26utm_term=WhatsApp\" target=\"_blank\" rel=\"noreferrer noopener\"><\/a><a href=\"https:\/\/www.diarioepoca.com\/1389073-el-audio-de-los-hijos-de-ramirez-y-millapi-que-impacto-en-el-juicio#\"><\/a><a href=\"https:\/\/www.diarioepoca.com\/1389073-el-audio-de-los-hijos-de-ramirez-y-millapi-que-impacto-en-el-juicio#\"><\/a><\/p>\n\n\n\n<p>Durante el juicio por la desaparici\u00f3n de Loan Pe\u00f1a, que se desarrolla en Corrientes, declar\u00f3 Vanina Escobar, vecina de 9 de Julio, quien asegur\u00f3 que present\u00f3 ante la jueza Pozer Penzo un audio durante su testimonio del 16 de agosto de 2024.<\/p>\n\n\n\n<p>Seg\u00fan relat\u00f3 Escobar, el registro habr\u00eda sido grabado al d\u00eda siguiente de la desaparici\u00f3n de Loan y corresponder\u00eda a una conversaci\u00f3n entre dos menores que ser\u00edan hijos de Ram\u00edrez y Millapi.<\/p>\n\n\n\n<p>La testigo record\u00f3 que, en el audio, uno de los menores, de aproximadamente 13 o 14 a\u00f1os, le pregunta a su hermana \u2014quien habr\u00eda estado con Loan\u2014 qu\u00e9 hab\u00eda ocurrido. De acuerdo con su declaraci\u00f3n, la menor respondi\u00f3 que estaban &#8220;tomando naranjas cuando Loan se fue&#8221;.<\/p>\n\n\n\n<p>Escobar sostuvo adem\u00e1s que la grabaci\u00f3n contendr\u00eda otros detalles sobre lo sucedido, aunque durante su declaraci\u00f3n no pudo precisar con exactitud el resto de la conversaci\u00f3n.<\/p>\n","protected":false},"excerpt":{"rendered":"<p>Una testigo volvi\u00f3 a se\u00f1alar un audio clave en la causa por la desaparici\u00f3n de Loan Pe\u00f1a, que registrar\u00eda una conversaci\u00f3n entre dos menores sobre momentos previos al hecho. Durante&hellip; <\/p>\n","protected":false},"author":8,"featured_media":269849,"comment_status":"closed","ping_status":"open","sticky":false,"template":"","format":"standard","meta":{"footnotes":""},"categories":[23],"tags":[],"class_list":["post-269848","post","type-post","status-publish","format-standard","has-post-thumbnail","hentry","category-actualidad"],"_links":{"self":[{"href":"https:\/\/corrientesdetarde.com\/index.php\/wp-json\/wp\/v2\/posts\/269848","targetHints":{"allow":["GET"]}}],"collection":[{"href":"https:\/\/corrientesdetarde.com\/index.php\/wp-json\/wp\/v2\/posts"}],"about":[{"href":"https:\/\/corrientesdetarde.com\/index.php\/wp-json\/wp\/v2\/types\/post"}],"author":[{"embeddable":true,"href":"https:\/\/corrientesdetarde.com\/index.php\/wp-json\/wp\/v2\/users\/8"}],"replies":[{"embeddable":true,"href":"https:\/\/corrientesdetarde.com\/index.php\/wp-json\/wp\/v2\/comments?post=269848"}],"version-history":[{"count":1,"href":"https:\/\/corrientesdetarde.com\/index.php\/wp-json\/wp\/v2\/posts\/269848\/revisions"}],"predecessor-version":[{"id":269850,"href":"https:\/\/corrientesdetarde.com\/index.php\/wp-json\/wp\/v2\/posts\/269848\/revisions\/269850"}],"wp:featuredmedia":[{"embeddable":true,"href":"https:\/\/corrientesdetarde.com\/index.php\/wp-json\/wp\/v2\/media\/269849"}],"wp:attachment":[{"href":"https:\/\/corrientesdetarde.com\/index.php\/wp-json\/wp\/v2\/media?parent=269848"}],"wp:term":[{"taxonomy":"category","embeddable":true,"href":"https:\/\/corrientesdetarde.com\/index.php\/wp-json\/wp\/v2\/categories?post=269848"},{"taxonomy":"post_tag","embeddable":true,"href":"https:\/\/corrientesdetarde.com\/index.php\/wp-json\/wp\/v2\/tags?post=269848"}],"curies":[{"name":"wp","href":"https:\/\/api.w.org\/{rel}","templated":true}]}}