{"id":269851,"date":"2026-09-03T14:12:41","date_gmt":"2026-09-03T17:12:41","guid":{"rendered":"https:\/\/corrientesdetarde.com\/?p=269851"},"modified":"2026-09-03T14:12:53","modified_gmt":"2026-09-03T17:12:53","slug":"el-fenomeno-de-el-nino-podria-alcanzar-una-intensidad-muy-fuerte-hacia-fines-de-2026","status":"publish","type":"post","link":"https:\/\/corrientesdetarde.com\/index.php\/clima\/el-fenomeno-de-el-nino-podria-alcanzar-una-intensidad-muy-fuerte-hacia-fines-de-2026\/","title":{"rendered":"El fen\u00f3meno de El Ni\u00f1o podr\u00eda alcanzar una intensidad muy fuerte hacia fines de 2026"},"content":{"rendered":"\n<p>El fen\u00f3meno clim\u00e1tico podr\u00eda alcanzar una intensidad muy fuerte hacia fines de 2026. En Argentina, el centro y el noreste aparecen entre las regiones con mayor probabilidad de registrar lluvias superiores a lo normal.<a href=\"https:\/\/api.whatsapp.com\/send?text=El%20Ni%C3%B1o%20se%20intensifica:%20qu%C3%A9%20zonas%20de%20Argentina%20podr%C3%ADan%20recibir%20m%C3%A1s%20lluvias%20-%20https:\/\/www.diarioepoca.com\/1389080-el-nino-se-intensifica-que-zonas-de-argentina-podrian-recibir-mas-lluvias?utm_source=WhatsApp%26utm_medium=WhatsApp%26utm_campaign=WhatsApp%26utm_term=WhatsApp\" target=\"_blank\" rel=\"noreferrer noopener\"><\/a><a href=\"https:\/\/www.diarioepoca.com\/1389080-el-nino-se-intensifica-que-zonas-de-argentina-podrian-recibir-mas-lluvias#\"><\/a><a href=\"https:\/\/www.diarioepoca.com\/1389080-el-nino-se-intensifica-que-zonas-de-argentina-podrian-recibir-mas-lluvias#\"><\/a><\/p>\n\n\n\n<p>El fen\u00f3meno de El Ni\u00f1o podr\u00eda intensificarse durante los pr\u00f3ximos meses y alcanzar una intensidad muy fuerte hacia fines de 2026, seg\u00fan las proyecciones citadas de la Organizaci\u00f3n Meteorol\u00f3gica Mundial. El episodio podr\u00eda prolongarse al menos hasta febrero de 2027 y aumentar la probabilidad de lluvias y temperaturas fuera de los patrones habituales en distintas regiones del mundo.<\/p>\n\n\n\n<p>El Ni\u00f1o forma parte del sistema El Ni\u00f1o-Oscilaci\u00f3n del Sur y se produce cuando las aguas superficiales del Pac\u00edfico ecuatorial central y oriental presentan un calentamiento anormal que persiste durante varios meses.<\/p>\n\n\n\n<p>Ese calentamiento modifica la interacci\u00f3n entre el oc\u00e9ano y la atm\u00f3sfera, altera los vientos y cambia la distribuci\u00f3n de las \u00e1reas de alta y baja presi\u00f3n. Como consecuencia, sus efectos pueden sentirse a miles de kil\u00f3metros del lugar donde se origina el fen\u00f3meno.<\/p>\n\n\n\n<p>En Argentina, una de las principales zonas a seguir ser\u00e1 el centro y el noreste del pa\u00eds durante la primavera y el verano. El Litoral aparece especialmente expuesto a un escenario de mayores precipitaciones, con Santa Fe, Entre R\u00edos, Corrientes y Misiones entre las provincias que deber\u00e1n seguir la evoluci\u00f3n de las condiciones meteorol\u00f3gicas.<\/p>\n\n\n\n<p>Una mayor cantidad de lluvias no significa que necesariamente vaya a producirse una inundaci\u00f3n en una localidad determinada. El fen\u00f3meno establece tendencias clim\u00e1ticas generales y no permite anticipar con precisi\u00f3n d\u00f3nde ocurrir\u00e1 cada tormenta.<\/p>\n\n\n\n<p>Sin embargo, el aumento de las precipitaciones puede generar una mayor presi\u00f3n sobre los sistemas de drenaje urbano, favorecer anegamientos y elevar el riesgo de inundaciones cuando las lluvias sean particularmente intensas o persistentes.<\/p>\n\n\n\n<p>Tambi\u00e9n ser\u00e1 importante observar la evoluci\u00f3n de los grandes r\u00edos de la cuenca del Plata. Los r\u00edos Paran\u00e1 y Uruguay se encuentran entre los cursos de agua que podr\u00edan verse afectados por un escenario de precipitaciones superiores a las habituales en la regi\u00f3n.<\/p>\n\n\n\n<p>El posible incremento de las lluvias tambi\u00e9n puede tener consecuencias sobre la actividad agropecuaria. El exceso de agua puede dificultar las tareas de campo, afectar cultivos y generar problemas de infraestructura, mientras que en otras regiones del mundo El Ni\u00f1o puede producir el efecto contrario y favorecer sequ\u00edas.<\/p>\n\n\n\n<p>Los impactos tampoco ser\u00e1n iguales en toda Am\u00e9rica Latina. Algunas zonas podr\u00edan enfrentar precipitaciones intensas, mientras que Centroam\u00e9rica aparece entre las regiones que pueden sufrir problemas relacionados con el abastecimiento de agua y los cultivos de ma\u00edz.<\/p>\n\n\n\n<p>El fen\u00f3meno tambi\u00e9n est\u00e1 siendo seguido por organismos meteorol\u00f3gicos internacionales como la NOAA. Especialistas como Cindy Fern\u00e1ndez, Marcelo Madel\u00f3n y Jos\u00e9 Bianco analizaron sus posibles consecuencias y remarcaron la necesidad de observar la evoluci\u00f3n de las condiciones durante los pr\u00f3ximos meses.<\/p>\n\n\n\n<p>El Ni\u00f1o es un fen\u00f3meno natural que aparece habitualmente cada dos a siete a\u00f1os, aunque su duraci\u00f3n e intensidad pueden variar. El cambio clim\u00e1tico provocado por la actividad humana no causa directamente El Ni\u00f1o, pero puede intensificar algunos de los impactos asociados a sus episodios.<\/p>\n\n\n\n<p>Para Argentina, la principal se\u00f1al de alerta estar\u00e1 puesta durante los pr\u00f3ximos meses en el comportamiento de las lluvias en el centro y noreste del pa\u00eds. En particular, el seguimiento de la situaci\u00f3n en el Litoral y de los niveles de los r\u00edos de la cuenca del Plata ser\u00e1 clave para anticipar posibles escenarios de inundaciones y anegamientos.<\/p>\n","protected":false},"excerpt":{"rendered":"<p>El fen\u00f3meno clim\u00e1tico podr\u00eda alcanzar una intensidad muy fuerte hacia fines de 2026. En Argentina, el centro y el noreste aparecen entre las regiones con mayor probabilidad de registrar lluvias&hellip; <\/p>\n","protected":false},"author":8,"featured_media":269852,"comment_status":"closed","ping_status":"open","sticky":false,"template":"","format":"standard","meta":{"footnotes":""},"categories":[29],"tags":[],"class_list":["post-269851","post","type-post","status-publish","format-standard","has-post-thumbnail","hentry","category-clima"],"_links":{"self":[{"href":"https:\/\/corrientesdetarde.com\/index.php\/wp-json\/wp\/v2\/posts\/269851","targetHints":{"allow":["GET"]}}],"collection":[{"href":"https:\/\/corrientesdetarde.com\/index.php\/wp-json\/wp\/v2\/posts"}],"about":[{"href":"https:\/\/corrientesdetarde.com\/index.php\/wp-json\/wp\/v2\/types\/post"}],"author":[{"embeddable":true,"href":"https:\/\/corrientesdetarde.com\/index.php\/wp-json\/wp\/v2\/users\/8"}],"replies":[{"embeddable":true,"href":"https:\/\/corrientesdetarde.com\/index.php\/wp-json\/wp\/v2\/comments?post=269851"}],"version-history":[{"count":1,"href":"https:\/\/corrientesdetarde.com\/index.php\/wp-json\/wp\/v2\/posts\/269851\/revisions"}],"predecessor-version":[{"id":269853,"href":"https:\/\/corrientesdetarde.com\/index.php\/wp-json\/wp\/v2\/posts\/269851\/revisions\/269853"}],"wp:featuredmedia":[{"embeddable":true,"href":"https:\/\/corrientesdetarde.com\/index.php\/wp-json\/wp\/v2\/media\/269852"}],"wp:attachment":[{"href":"https:\/\/corrientesdetarde.com\/index.php\/wp-json\/wp\/v2\/media?parent=269851"}],"wp:term":[{"taxonomy":"category","embeddable":true,"href":"https:\/\/corrientesdetarde.com\/index.php\/wp-json\/wp\/v2\/categories?post=269851"},{"taxonomy":"post_tag","embeddable":true,"href":"https:\/\/corrientesdetarde.com\/index.php\/wp-json\/wp\/v2\/tags?post=269851"}],"curies":[{"name":"wp","href":"https:\/\/api.w.org\/{rel}","templated":true}]}}