{"id":269854,"date":"2026-09-03T15:27:21","date_gmt":"2026-09-03T18:27:21","guid":{"rendered":"https:\/\/corrientesdetarde.com\/?p=269854"},"modified":"2026-09-03T15:29:32","modified_gmt":"2026-09-03T18:29:32","slug":"la-vicegobernacion-presenta-dos-nuevas-antologias-del-taller-literario-pequenos-y-jovenes-escritores-correntinos","status":"publish","type":"post","link":"https:\/\/corrientesdetarde.com\/index.php\/eventos\/la-vicegobernacion-presenta-dos-nuevas-antologias-del-taller-literario-pequenos-y-jovenes-escritores-correntinos\/","title":{"rendered":"La Vicegobernaci\u00f3n presenta dos nuevas antolog\u00edas del Taller Literario \u201cPeque\u00f1os y J\u00f3venes Escritores Correntinos\u201d"},"content":{"rendered":"\n<p>En el marco del Ciclo \u201cEscritores Correntinos\u201d, impulsado por el vicegobernador Pedro Braillard Poccard, se invita a participar de la presentaci\u00f3n de los libros \u201cLa magia olvidada\u201d y \u201cLa luna en el espejo\u201d, obras realizadas por alumnos del Taller Literario \u201cPeque\u00f1os y J\u00f3venes Escritores Correntinos\u201d, que tendr\u00e1 lugar el pr\u00f3ximo martes 8 de septiembre, a las 18.30, en la Biblioteca de la Legislatura.<\/p>\n\n\n\n<p>La iniciativa tiene como objetivo generar espacios para la promoci\u00f3n, difusi\u00f3n y reconocimiento de la producci\u00f3n literaria de nuestra provincia.<\/p>\n\n\n\n<p>Durante la presentaci\u00f3n, los j\u00f3venes escritores estar\u00e1n acompa\u00f1ados por el equipo docente del taller, encabezado por su directora general, profesora Iliana Romero, junto a la profesora Luz Zapata.<\/p>\n\n\n\n<p>14 a\u00f1os formando nuevos escritores<\/p>\n\n\n\n<p>El Taller Literario \u201cPeque\u00f1os y J\u00f3venes Escritores Correntinos\u201d pertenece a la instituci\u00f3n SADE Corrientes y cuenta con 14 a\u00f1os de trayectoria ininterrumpida, desarrollando una tarea sostenida de formaci\u00f3n de ni\u00f1as, ni\u00f1os y j\u00f3venes en el arte de escribir.<\/p>\n\n\n\n<p>A lo largo de cada ciclo, los participantes incorporan distintas t\u00e9cnicas de escritura y recursos literarios, trabajando alrededor de una tem\u00e1tica elegida anualmente. Poes\u00eda, cuentos fant\u00e1sticos, cuentos realistas y cuentos de terror, entre otros g\u00e9neros, forman parte de las propuestas desarrolladas por el taller.<\/p>\n\n\n\n<p>Los mejores trabajos producidos durante el a\u00f1o son reunidos en una antolog\u00eda literaria, que se presenta oficialmente al finalizar el ciclo lectivo. En esta oportunidad, ese proceso creativo se materializa en las obras \u201cLa magia olvidada\u201d y \u201cLa luna en el espejo\u201d, que re\u00fanen las producciones de los alumnos.<\/p>\n\n\n\n<p>Desde la Vicegobernaci\u00f3n se destaca la importancia de acompa\u00f1ar y promover estas iniciativas, que contribuyen al fortalecimiento de la cultura y la identidad correntina, generando espacios para que las nuevas generaciones puedan expresarse, compartir sus producciones y acercarse a la literatura.<\/p>\n\n\n\n<p>La presentaci\u00f3n de \u201cLa magia olvidada\u201d y \u201cLa luna en el espejo\u201d ser\u00e1 una nueva oportunidad para celebrar el trabajo de los j\u00f3venes escritores correntinos y poner en valor el compromiso de quienes, desde la ense\u00f1anza y la literatura, acompa\u00f1an sus primeros pasos en el camino de la escritura.<\/p>\n\n\n\n<figure class=\"wp-block-image size-large\"><img loading=\"lazy\" decoding=\"async\" width=\"575\" height=\"1024\" src=\"https:\/\/corrientesdetarde.com\/wp-content\/uploads\/2026\/09\/WhatsApp-Image-2026-09-03-at-14.28.29-575x1024.jpeg\" alt=\"\" class=\"wp-image-269855\" srcset=\"https:\/\/corrientesdetarde.com\/wp-content\/uploads\/2026\/09\/WhatsApp-Image-2026-09-03-at-14.28.29-575x1024.jpeg 575w, https:\/\/corrientesdetarde.com\/wp-content\/uploads\/2026\/09\/WhatsApp-Image-2026-09-03-at-14.28.29-169x300.jpeg 169w, https:\/\/corrientesdetarde.com\/wp-content\/uploads\/2026\/09\/WhatsApp-Image-2026-09-03-at-14.28.29-768x1367.jpeg 768w, https:\/\/corrientesdetarde.com\/wp-content\/uploads\/2026\/09\/WhatsApp-Image-2026-09-03-at-14.28.29-863x1536.jpeg 863w, https:\/\/corrientesdetarde.com\/wp-content\/uploads\/2026\/09\/WhatsApp-Image-2026-09-03-at-14.28.29.jpeg 899w\" sizes=\"auto, (max-width: 575px) 100vw, 575px\" \/><\/figure>\n\n\n\n<figure class=\"wp-block-image size-large\"><img loading=\"lazy\" decoding=\"async\" width=\"576\" height=\"1024\" src=\"https:\/\/corrientesdetarde.com\/wp-content\/uploads\/2026\/09\/WhatsApp-Image-2026-09-03-at-14.28.28-576x1024.jpeg\" alt=\"\" class=\"wp-image-269856\"\/><\/figure>\n","protected":false},"excerpt":{"rendered":"<p>En el marco del Ciclo \u201cEscritores Correntinos\u201d, impulsado por el vicegobernador Pedro Braillard Poccard, se invita a participar de la presentaci\u00f3n de los libros \u201cLa magia olvidada\u201d y \u201cLa luna&hellip; <\/p>\n","protected":false},"author":8,"featured_media":269856,"comment_status":"closed","ping_status":"open","sticky":false,"template":"","format":"standard","meta":{"footnotes":""},"categories":[22],"tags":[],"class_list":["post-269854","post","type-post","status-publish","format-standard","has-post-thumbnail","hentry","category-eventos"],"_links":{"self":[{"href":"https:\/\/corrientesdetarde.com\/index.php\/wp-json\/wp\/v2\/posts\/269854","targetHints":{"allow":["GET"]}}],"collection":[{"href":"https:\/\/corrientesdetarde.com\/index.php\/wp-json\/wp\/v2\/posts"}],"about":[{"href":"https:\/\/corrientesdetarde.com\/index.php\/wp-json\/wp\/v2\/types\/post"}],"author":[{"embeddable":true,"href":"https:\/\/corrientesdetarde.com\/index.php\/wp-json\/wp\/v2\/users\/8"}],"replies":[{"embeddable":true,"href":"https:\/\/corrientesdetarde.com\/index.php\/wp-json\/wp\/v2\/comments?post=269854"}],"version-history":[{"count":1,"href":"https:\/\/corrientesdetarde.com\/index.php\/wp-json\/wp\/v2\/posts\/269854\/revisions"}],"predecessor-version":[{"id":269857,"href":"https:\/\/corrientesdetarde.com\/index.php\/wp-json\/wp\/v2\/posts\/269854\/revisions\/269857"}],"wp:featuredmedia":[{"embeddable":true,"href":"https:\/\/corrientesdetarde.com\/index.php\/wp-json\/wp\/v2\/media\/269856"}],"wp:attachment":[{"href":"https:\/\/corrientesdetarde.com\/index.php\/wp-json\/wp\/v2\/media?parent=269854"}],"wp:term":[{"taxonomy":"category","embeddable":true,"href":"https:\/\/corrientesdetarde.com\/index.php\/wp-json\/wp\/v2\/categories?post=269854"},{"taxonomy":"post_tag","embeddable":true,"href":"https:\/\/corrientesdetarde.com\/index.php\/wp-json\/wp\/v2\/tags?post=269854"}],"curies":[{"name":"wp","href":"https:\/\/api.w.org\/{rel}","templated":true}]}}