{"id":269858,"date":"2026-09-03T15:34:32","date_gmt":"2026-09-03T18:34:32","guid":{"rendered":"https:\/\/corrientesdetarde.com\/?p=269858"},"modified":"2026-09-03T15:34:45","modified_gmt":"2026-09-03T18:34:45","slug":"el-senado-dio-media-sancion-al-plan-provincial-de-conservacion-de-grandes-felinos","status":"publish","type":"post","link":"https:\/\/corrientesdetarde.com\/index.php\/destacados\/el-senado-dio-media-sancion-al-plan-provincial-de-conservacion-de-grandes-felinos\/","title":{"rendered":"El Senado dio media sanci\u00f3n al Plan Provincial de Conservaci\u00f3n de Grandes Felinos"},"content":{"rendered":"\n<p>10MA SESI\u00d3N ORDINARIA<\/p>\n\n\n\n<p>En la 10ma Sesi\u00f3n Ordinaria de la C\u00e1mara de Senadores, presidida por el Vicegobernador Pedro Braillard Poccard, el jueves 3 de septiembre, se dio media sanci\u00f3n al proyecto de Ley presentado por los Senadores Sergio Mois\u00e9s Flinta, Gustavo Adolfo Vald\u00e9s, Noel Eugenio Breard, Henry Jorge Fick, Francisco Ignacio Osella y otros por el que se instituye el Plan Provincial de Conservaci\u00f3n de Grandes Felinos.<\/p>\n\n\n\n<p>Al respecto, el senador Flinta, aclar\u00f3 que ante la denuncia de algunos ataques de yaguaret\u00e9s y pumas a ganado que pertenece a productores locales, el Estado provincial, que tiene la potestad de regular fauna y flora, deber\u00e1 indemnizar en el t\u00e9rmino de 30 d\u00edas posteriores a la denuncia, a los perjudicados. Para ello se conformar\u00e1 un comit\u00e9 integrado por distintas fuerzas de seguridad y organismos estatales.<\/p>\n\n\n\n<p>En cuanto a las solicitudes de acuerdo del Poder Ejecutivo Dr. Eugenio Ram\u00f3n Balbastro tuvo su audiencia p\u00fablica para su designaci\u00f3n en el cargo de Juez del Tribunal de Revisi\u00f3n de la Primera Circunscripci\u00f3n Judicial con asiento en la ciudad de Corrientes.<\/p>\n\n\n\n<p>En tanto que se aprobaron los pliegos para el cargo de Juez Civil, Comercial y Laboral de la Cuarta Circunscripci\u00f3n Judicial con asiento en la ciudad de Paso de los Libres para el Dr. Waldo Ra\u00fal Ojeda \u00c1lvarez as\u00ed como los pliegos para el cargo de Asesor de Menores e Incapaces de la Primera Circunscripci\u00f3n Judicial con asiento en la ciudad de Saladas para la Dra. Gladis Julia Aguirre; ambos tuvieron su audiencia p\u00fablica el 20 de agosto.<\/p>\n\n\n\n<p>Proyectos de leyes<\/p>\n\n\n\n<p>La Senadora L\u00e9rtora present\u00f3 el proyecto por el que se dispone la supresi\u00f3n de tratamientos honor\u00edficos en el \u00e1mbito p\u00fablico. (Comisi\u00f3n de Legislaci\u00f3n y Asuntos Constitucionales)<\/p>\n\n\n\n<p>La Senadora Quintana present\u00f3 el proyecto por el que se crea la \u201cSemana Provincial de Concientizaci\u00f3n y Acci\u00f3n sobre la Par\u00e1lisis Cerebral\u201d, que se desarrollar\u00e1 anualmente del 01 al 07 de octubre. (Salud P\u00fablica)<\/p>\n\n\n\n<p>Proyectos venidos de Diputados<\/p>\n\n\n\n<p>Honorable C\u00e1mara de Diputados remiti\u00f3 en revisi\u00f3n varios proyectos de Ley, uno por el que se declara Monumento Hist\u00f3rico e integrante del Patrimonio Cultural al edificio de la \u201cCasa Manos Correntinas\u201d ubicado en la ciudad de Mercedes. Adem\u00e1s, el proyecto por el que se dispone una se\u00f1alizaci\u00f3n conmemorativa de H\u00e9roes Nacionales fallecidos durante la Guerra de Malvinas, y el proyecto por el que se declara Fiesta Provincial a la Muestra de la Artesan\u00eda \u201cArand\u00fa P\u00f3 (Manos Sabias)\u201d que anualmente se realiza en la ciudad de Empedrado, los tres pasaron a la comisi\u00f3n de Educaci\u00f3n y Cultura.<\/p>\n\n\n\n<p>Luego pas\u00f3 a comisi\u00f3n de Legislaci\u00f3n y Asuntos Constitucionales, el proyecto por el que se adhiere la Provincia a la Ley Nacional N\u00ba 20561 (fija el 10 de junio como D\u00eda de la Afirmaci\u00f3n de los Derechos Argentinos sobre las Malvinas, Islas y Sector Ant\u00e1rtico)<\/p>\n\n\n\n<p>Y, por \u00faltimo, pas\u00f3 a comisi\u00f3n de Salud P\u00fablica el proyecto por el que se crea el Programa Provincial de Capacitaci\u00f3n y Concientizaci\u00f3n sobre la Epilepsia.<\/p>\n\n\n\n<p>Declaraciones<\/p>\n\n\n\n<p>El Senador Flinta present\u00f3 un proyecto por el que se expresa el inter\u00e9s legislativo por el \u201cIV\u00ba Congreso Nacional e Internacional Belgraniano\u201d, adem\u00e1s varios Senadores presentaron el proyecto por el que se expresa el inter\u00e9s legislativo por el \u201cCierre Festival Mozart\u201d &#8211; Concierto a beneficio del Instituto Oncol\u00f3gico \u201cPapa Francisco\u201d, que contar\u00e1 con la participaci\u00f3n de la Orquesta Sinf\u00f3nica de la Provincia y la pianista concertista Mirian Conti.<\/p>\n\n\n\n<p>En tanto que la Senadora Carballo present\u00f3 el proyecto por el que se expresa el inter\u00e9s legislativo por el Reconocimiento Libertador General San Mart\u00edn, otorgado a Do\u00f1a Juana Rodr\u00edguez, por su destacada trayectoria, dedicaci\u00f3n y aporte a la comunidad.<\/p>\n\n\n\n<p>Adem\u00e1s, la Senadora L\u00e9rtora present\u00f3 dos proyectos, uno por el que se expresa el inter\u00e9s legislativo por la \u201c42\u00ba Edici\u00f3n de la Fiesta Provincial del Agricultor\u201d, que se realizar\u00e1 en el Municipio de Carolina y otro por el que se expresa el inter\u00e9s legislativo por el \u201c86\u00ba Aniversario de la fundaci\u00f3n de Riachuelo\u201d, que se celebra el 28 de septiembre.<\/p>\n\n\n\n<p>Igualmente, el Senador Fick por el que se expresa el inter\u00e9s legislativo por el \u201c5\u00ba Encuentro de Autos Antiguos y Cl\u00e1sicos, que se realizar\u00e1 en la ciudad de Monte Caseros durante los d\u00edas 12 y 13 de septiembre del corriente a\u00f1o.<\/p>\n\n\n\n<p>Se incorpor\u00f3 al orden del d\u00eda, y se aprob\u00f3 sore tablas el proyecto presentado por el Senador Noel Eugenio Breard por el que se expresa el inter\u00e9s legislativo por las XXXVII Jornadas Argentinas de Taquigraf\u00eda Parlamentaria, a realizarse en Corrientes durante los d\u00edas 11, 12 y 13 de septiembre del corriente a\u00f1o.<\/p>\n\n\n\n<p>Al finalizar la sesi\u00f3n el vicegobernador Pedro Braillard Poccard hizo entrega de la distinci\u00f3n \u201cJoven Honorable\u201d a Luc\u00eda M\u00f3rtola, estudiante avanzada de Bioqu\u00edmica de la Universidad Nacional del Nordeste (UNNE), quien se destaca por su trayectoria acad\u00e9mica y cient\u00edfica.<\/p>\n\n\n\n<p>M\u00f3rtola cursa el sexto a\u00f1o de la carrera y realiza sus Pr\u00e1cticas Hospitalarias, con un promedio de 9,66, el m\u00e1s alto de su cohorte. Adem\u00e1s, es becaria de investigaci\u00f3n de pregrado en el Laboratorio de Investigaciones Bioqu\u00edmicas de la Facultad de Medicina (LIBIM-UNNE), donde integra un equipo interdisciplinario que estudia el papel de la inflamaci\u00f3n en el c\u00e1ncer colorrectal.<\/p>\n\n\n\n<p>Tambi\u00e9n, a trav\u00e9s de la Direcci\u00f3n de Senado Joven, presenciaron la 10ma Sesi\u00f3n Ordinaria, alumnos de las escuelas Portuaria y Regional.<\/p>\n\n\n\n<figure class=\"wp-block-image size-large\"><img loading=\"lazy\" decoding=\"async\" width=\"1024\" height=\"683\" src=\"https:\/\/corrientesdetarde.com\/wp-content\/uploads\/2026\/09\/WhatsApp-Image-2026-09-03-at-14.28.32-1-1024x683.jpeg\" alt=\"\" class=\"wp-image-269859\" srcset=\"https:\/\/corrientesdetarde.com\/wp-content\/uploads\/2026\/09\/WhatsApp-Image-2026-09-03-at-14.28.32-1-1024x683.jpeg 1024w, https:\/\/corrientesdetarde.com\/wp-content\/uploads\/2026\/09\/WhatsApp-Image-2026-09-03-at-14.28.32-1-300x200.jpeg 300w, https:\/\/corrientesdetarde.com\/wp-content\/uploads\/2026\/09\/WhatsApp-Image-2026-09-03-at-14.28.32-1-768x512.jpeg 768w, https:\/\/corrientesdetarde.com\/wp-content\/uploads\/2026\/09\/WhatsApp-Image-2026-09-03-at-14.28.32-1-1536x1024.jpeg 1536w, https:\/\/corrientesdetarde.com\/wp-content\/uploads\/2026\/09\/WhatsApp-Image-2026-09-03-at-14.28.32-1.jpeg 1599w\" sizes=\"auto, (max-width: 1024px) 100vw, 1024px\" \/><\/figure>\n\n\n\n<figure class=\"wp-block-image size-large\"><img loading=\"lazy\" decoding=\"async\" width=\"683\" height=\"1024\" src=\"https:\/\/corrientesdetarde.com\/wp-content\/uploads\/2026\/09\/WhatsApp-Image-2026-09-03-at-14.28.33-683x1024.jpeg\" alt=\"\" class=\"wp-image-269860\" srcset=\"https:\/\/corrientesdetarde.com\/wp-content\/uploads\/2026\/09\/WhatsApp-Image-2026-09-03-at-14.28.33-683x1024.jpeg 683w, https:\/\/corrientesdetarde.com\/wp-content\/uploads\/2026\/09\/WhatsApp-Image-2026-09-03-at-14.28.33-200x300.jpeg 200w, https:\/\/corrientesdetarde.com\/wp-content\/uploads\/2026\/09\/WhatsApp-Image-2026-09-03-at-14.28.33-768x1152.jpeg 768w, https:\/\/corrientesdetarde.com\/wp-content\/uploads\/2026\/09\/WhatsApp-Image-2026-09-03-at-14.28.33-1024x1536.jpeg 1024w, https:\/\/corrientesdetarde.com\/wp-content\/uploads\/2026\/09\/WhatsApp-Image-2026-09-03-at-14.28.33.jpeg 1066w\" sizes=\"auto, (max-width: 683px) 100vw, 683px\" \/><\/figure>\n\n\n\n<figure class=\"wp-block-image size-large\"><img loading=\"lazy\" decoding=\"async\" width=\"1024\" height=\"683\" src=\"https:\/\/corrientesdetarde.com\/wp-content\/uploads\/2026\/09\/WhatsApp-Image-2026-09-03-at-14.28.29-1-1024x683.jpeg\" alt=\"\" class=\"wp-image-269864\" srcset=\"https:\/\/corrientesdetarde.com\/wp-content\/uploads\/2026\/09\/WhatsApp-Image-2026-09-03-at-14.28.29-1-1024x683.jpeg 1024w, https:\/\/corrientesdetarde.com\/wp-content\/uploads\/2026\/09\/WhatsApp-Image-2026-09-03-at-14.28.29-1-300x200.jpeg 300w, https:\/\/corrientesdetarde.com\/wp-content\/uploads\/2026\/09\/WhatsApp-Image-2026-09-03-at-14.28.29-1-768x512.jpeg 768w, https:\/\/corrientesdetarde.com\/wp-content\/uploads\/2026\/09\/WhatsApp-Image-2026-09-03-at-14.28.29-1-1536x1024.jpeg 1536w, https:\/\/corrientesdetarde.com\/wp-content\/uploads\/2026\/09\/WhatsApp-Image-2026-09-03-at-14.28.29-1.jpeg 1599w\" sizes=\"auto, (max-width: 1024px) 100vw, 1024px\" \/><\/figure>\n\n\n\n<figure class=\"wp-block-image size-large\"><img loading=\"lazy\" decoding=\"async\" width=\"1024\" height=\"683\" src=\"https:\/\/corrientesdetarde.com\/wp-content\/uploads\/2026\/09\/WhatsApp-Image-2026-09-03-at-14.28.30-1024x683.jpeg\" alt=\"\" class=\"wp-image-269866\" srcset=\"https:\/\/corrientesdetarde.com\/wp-content\/uploads\/2026\/09\/WhatsApp-Image-2026-09-03-at-14.28.30-1024x683.jpeg 1024w, https:\/\/corrientesdetarde.com\/wp-content\/uploads\/2026\/09\/WhatsApp-Image-2026-09-03-at-14.28.30-300x200.jpeg 300w, https:\/\/corrientesdetarde.com\/wp-content\/uploads\/2026\/09\/WhatsApp-Image-2026-09-03-at-14.28.30-768x512.jpeg 768w, https:\/\/corrientesdetarde.com\/wp-content\/uploads\/2026\/09\/WhatsApp-Image-2026-09-03-at-14.28.30-1536x1024.jpeg 1536w, https:\/\/corrientesdetarde.com\/wp-content\/uploads\/2026\/09\/WhatsApp-Image-2026-09-03-at-14.28.30.jpeg 1599w\" sizes=\"auto, (max-width: 1024px) 100vw, 1024px\" \/><\/figure>\n\n\n\n<figure class=\"wp-block-image size-large\"><img loading=\"lazy\" decoding=\"async\" width=\"1024\" height=\"683\" src=\"https:\/\/corrientesdetarde.com\/wp-content\/uploads\/2026\/09\/WhatsApp-Image-2026-09-03-at-14.28.30-1-1024x683.jpeg\" alt=\"\" class=\"wp-image-269862\" srcset=\"https:\/\/corrientesdetarde.com\/wp-content\/uploads\/2026\/09\/WhatsApp-Image-2026-09-03-at-14.28.30-1-1024x683.jpeg 1024w, https:\/\/corrientesdetarde.com\/wp-content\/uploads\/2026\/09\/WhatsApp-Image-2026-09-03-at-14.28.30-1-300x200.jpeg 300w, https:\/\/corrientesdetarde.com\/wp-content\/uploads\/2026\/09\/WhatsApp-Image-2026-09-03-at-14.28.30-1-768x512.jpeg 768w, https:\/\/corrientesdetarde.com\/wp-content\/uploads\/2026\/09\/WhatsApp-Image-2026-09-03-at-14.28.30-1-1536x1024.jpeg 1536w, https:\/\/corrientesdetarde.com\/wp-content\/uploads\/2026\/09\/WhatsApp-Image-2026-09-03-at-14.28.30-1.jpeg 1599w\" sizes=\"auto, (max-width: 1024px) 100vw, 1024px\" \/><\/figure>\n\n\n\n<figure class=\"wp-block-image size-large\"><img loading=\"lazy\" decoding=\"async\" width=\"1024\" height=\"683\" src=\"https:\/\/corrientesdetarde.com\/wp-content\/uploads\/2026\/09\/WhatsApp-Image-2026-09-03-at-14.28.31-1024x683.jpeg\" alt=\"\" class=\"wp-image-269863\" srcset=\"https:\/\/corrientesdetarde.com\/wp-content\/uploads\/2026\/09\/WhatsApp-Image-2026-09-03-at-14.28.31-1024x683.jpeg 1024w, https:\/\/corrientesdetarde.com\/wp-content\/uploads\/2026\/09\/WhatsApp-Image-2026-09-03-at-14.28.31-300x200.jpeg 300w, https:\/\/corrientesdetarde.com\/wp-content\/uploads\/2026\/09\/WhatsApp-Image-2026-09-03-at-14.28.31-768x512.jpeg 768w, https:\/\/corrientesdetarde.com\/wp-content\/uploads\/2026\/09\/WhatsApp-Image-2026-09-03-at-14.28.31-1536x1024.jpeg 1536w, https:\/\/corrientesdetarde.com\/wp-content\/uploads\/2026\/09\/WhatsApp-Image-2026-09-03-at-14.28.31.jpeg 1599w\" sizes=\"auto, (max-width: 1024px) 100vw, 1024px\" \/><\/figure>\n\n\n\n<figure class=\"wp-block-image size-large\"><img loading=\"lazy\" decoding=\"async\" width=\"1024\" height=\"683\" src=\"https:\/\/corrientesdetarde.com\/wp-content\/uploads\/2026\/09\/WhatsApp-Image-2026-09-03-at-14.28.31-1-1024x683.jpeg\" alt=\"\" class=\"wp-image-269861\" srcset=\"https:\/\/corrientesdetarde.com\/wp-content\/uploads\/2026\/09\/WhatsApp-Image-2026-09-03-at-14.28.31-1-1024x683.jpeg 1024w, https:\/\/corrientesdetarde.com\/wp-content\/uploads\/2026\/09\/WhatsApp-Image-2026-09-03-at-14.28.31-1-300x200.jpeg 300w, https:\/\/corrientesdetarde.com\/wp-content\/uploads\/2026\/09\/WhatsApp-Image-2026-09-03-at-14.28.31-1-768x512.jpeg 768w, https:\/\/corrientesdetarde.com\/wp-content\/uploads\/2026\/09\/WhatsApp-Image-2026-09-03-at-14.28.31-1-1536x1024.jpeg 1536w, https:\/\/corrientesdetarde.com\/wp-content\/uploads\/2026\/09\/WhatsApp-Image-2026-09-03-at-14.28.31-1.jpeg 1599w\" sizes=\"auto, (max-width: 1024px) 100vw, 1024px\" \/><\/figure>\n\n\n\n<figure class=\"wp-block-image size-large\"><img loading=\"lazy\" decoding=\"async\" width=\"1024\" height=\"683\" src=\"https:\/\/corrientesdetarde.com\/wp-content\/uploads\/2026\/09\/WhatsApp-Image-2026-09-03-at-14.28.32-1024x683.jpeg\" alt=\"\" class=\"wp-image-269865\" srcset=\"https:\/\/corrientesdetarde.com\/wp-content\/uploads\/2026\/09\/WhatsApp-Image-2026-09-03-at-14.28.32-1024x683.jpeg 1024w, https:\/\/corrientesdetarde.com\/wp-content\/uploads\/2026\/09\/WhatsApp-Image-2026-09-03-at-14.28.32-300x200.jpeg 300w, https:\/\/corrientesdetarde.com\/wp-content\/uploads\/2026\/09\/WhatsApp-Image-2026-09-03-at-14.28.32-768x512.jpeg 768w, https:\/\/corrientesdetarde.com\/wp-content\/uploads\/2026\/09\/WhatsApp-Image-2026-09-03-at-14.28.32-1536x1024.jpeg 1536w, https:\/\/corrientesdetarde.com\/wp-content\/uploads\/2026\/09\/WhatsApp-Image-2026-09-03-at-14.28.32.jpeg 1599w\" sizes=\"auto, (max-width: 1024px) 100vw, 1024px\" \/><\/figure>\n","protected":false},"excerpt":{"rendered":"<p>10MA SESI\u00d3N ORDINARIA En la 10ma Sesi\u00f3n Ordinaria de la C\u00e1mara de Senadores, presidida por el Vicegobernador Pedro Braillard Poccard, el jueves 3 de septiembre, se dio media sanci\u00f3n al&hellip; <\/p>\n","protected":false},"author":8,"featured_media":269864,"comment_status":"closed","ping_status":"open","sticky":false,"template":"","format":"standard","meta":{"footnotes":""},"categories":[26],"tags":[],"class_list":["post-269858","post","type-post","status-publish","format-standard","has-post-thumbnail","hentry","category-destacados"],"_links":{"self":[{"href":"https:\/\/corrientesdetarde.com\/index.php\/wp-json\/wp\/v2\/posts\/269858","targetHints":{"allow":["GET"]}}],"collection":[{"href":"https:\/\/corrientesdetarde.com\/index.php\/wp-json\/wp\/v2\/posts"}],"about":[{"href":"https:\/\/corrientesdetarde.com\/index.php\/wp-json\/wp\/v2\/types\/post"}],"author":[{"embeddable":true,"href":"https:\/\/corrientesdetarde.com\/index.php\/wp-json\/wp\/v2\/users\/8"}],"replies":[{"embeddable":true,"href":"https:\/\/corrientesdetarde.com\/index.php\/wp-json\/wp\/v2\/comments?post=269858"}],"version-history":[{"count":1,"href":"https:\/\/corrientesdetarde.com\/index.php\/wp-json\/wp\/v2\/posts\/269858\/revisions"}],"predecessor-version":[{"id":269867,"href":"https:\/\/corrientesdetarde.com\/index.php\/wp-json\/wp\/v2\/posts\/269858\/revisions\/269867"}],"wp:featuredmedia":[{"embeddable":true,"href":"https:\/\/corrientesdetarde.com\/index.php\/wp-json\/wp\/v2\/media\/269864"}],"wp:attachment":[{"href":"https:\/\/corrientesdetarde.com\/index.php\/wp-json\/wp\/v2\/media?parent=269858"}],"wp:term":[{"taxonomy":"category","embeddable":true,"href":"https:\/\/corrientesdetarde.com\/index.php\/wp-json\/wp\/v2\/categories?post=269858"},{"taxonomy":"post_tag","embeddable":true,"href":"https:\/\/corrientesdetarde.com\/index.php\/wp-json\/wp\/v2\/tags?post=269858"}],"curies":[{"name":"wp","href":"https:\/\/api.w.org\/{rel}","templated":true}]}}