{"id":269868,"date":"2026-09-03T15:38:21","date_gmt":"2026-09-03T18:38:21","guid":{"rendered":"https:\/\/corrientesdetarde.com\/?p=269868"},"modified":"2026-09-03T15:38:27","modified_gmt":"2026-09-03T18:38:27","slug":"un-ministro-israeli-presento-un-plan-para-desalojar-a-los-palestinos-de-la-franja-de-gaza","status":"publish","type":"post","link":"https:\/\/corrientesdetarde.com\/index.php\/internacionales\/un-ministro-israeli-presento-un-plan-para-desalojar-a-los-palestinos-de-la-franja-de-gaza\/","title":{"rendered":"Un ministro israel\u00ed present\u00f3 un plan para desalojar a los palestinos de la Franja de Gaza"},"content":{"rendered":"\n<p>En una primera etapa se expulsar\u00edan a 250.000 personas del enclave. El resto deber\u00eda abandonar el territorio en un lapso de seis a\u00f1os.<\/p>\n\n\n\n<p>El ministro de Seguridad Nacional de\u00a0Israel,\u00a0<strong>Itamar Ben Gvir<\/strong>, present\u00f3 este jueves un\u00a0<strong>plan para desalojar a los palestinos de la\u00a0Franja de Gaza\u00a0y enviarlos al extranjero.<\/strong><\/p>\n\n\n\n<p>Ben Gvir, del partido de extrema derecha Poder Jud\u00edo, propone expulsar a 250.000 palestinos de Gaza en un a\u00f1o.<\/p>\n\n\n\n<p>El resto de los aproximadamente dos millones de habitantes de este territorio devastado por la guerra entre Israel y el grupo islamista Ham\u00e1s se ir\u00edan a lo largo de los seis a\u00f1os siguientes.<\/p>\n\n\n\n<p>\u201cEs realista\u201d, declar\u00f3 el ministro, miembro de la coalici\u00f3n en el poder y criticado regularmente en el extranjero.<\/p>\n\n\n\n<h2 class=\"wp-block-heading\">\u00bfA d\u00f3nde ir\u00edan los palestinos de Gaza?<\/h2>\n\n\n\n<p>El ministro tambi\u00e9n afirm\u00f3&nbsp;<strong>que varios pa\u00edses est\u00e1n \u201cdispuestos\u201d a recibir a los gazat\u00edes.&nbsp;<\/strong>Sin embargo, no especific\u00f3 cu\u00e1les son esas naciones.<\/p>\n\n\n\n<figure class=\"wp-block-image\"><img decoding=\"async\" src=\"https:\/\/tn.com.ar\/resizer\/v2\/los-palestinos-sobreviven-gracias-a-la-ayuda-internacional-foto-reutersamir-cohen-TF2PA7KQEKS5H3TTJHG24TOEXA.jpg?auth=a84a470dd9e2f2b5e4725de775ec65ac035c4c1f27877be62423b53fcdd8df31&amp;width=767\" alt=\"Los palestinos sobreviven gracias a la ayuda internacional (Foto: REUTERS\/Amir Cohen)\"\/><\/figure>\n\n\n\n<p>En tanto, un ataque a\u00e9reo del Ej\u00e9rcito israel\u00ed mat\u00f3 a al menos una persona e hiri\u00f3 a varias la tarde de este jueves al oeste de la ciudad de Gaza, informaron fuentes m\u00e9dicas locales.<\/p>\n\n\n\n<p>El bombardeo tuvo como objetivo la calle Az Zaura de la capital. El fallecido, identificado como Ahmed Heles, fue trasladado al complejo m\u00e9dico Al Shifa de la ciudad.<\/p>\n\n\n\n<p>Al Shifa tambi\u00e9n admiti\u00f3 a varios heridos del mismo ataque, algunos de ellos de gravedad, a\u00f1adi\u00f3 una fuente del centro.<\/p>\n\n\n\n<p>Seg\u00fan la agencia palestina de noticias<em>&nbsp;Wafa<\/em>, los drones isael\u00edes dispararon al menos dos misiles cerca del edificio de la Uni\u00f3n de Iglesias de la calle Az Zaura.<\/p>\n\n\n\n<p>M\u00e1s de 1.330 gazat\u00edes murieron por ataques israel\u00edes durante la tregua, seg\u00fan el recuento del Ministerio de Sanidad del enclave. Al remontarse al inicio de la ofensiva de Israel el 7 de octubre de 2023, la cifra supera las 73.470 v\u00edctimas mortales.<\/p>\n","protected":false},"excerpt":{"rendered":"<p>En una primera etapa se expulsar\u00edan a 250.000 personas del enclave. El resto deber\u00eda abandonar el territorio en un lapso de seis a\u00f1os. El ministro de Seguridad Nacional de\u00a0Israel,\u00a0Itamar Ben&hellip; <\/p>\n","protected":false},"author":8,"featured_media":269869,"comment_status":"closed","ping_status":"open","sticky":false,"template":"","format":"standard","meta":{"footnotes":""},"categories":[11],"tags":[],"class_list":["post-269868","post","type-post","status-publish","format-standard","has-post-thumbnail","hentry","category-internacionales"],"_links":{"self":[{"href":"https:\/\/corrientesdetarde.com\/index.php\/wp-json\/wp\/v2\/posts\/269868","targetHints":{"allow":["GET"]}}],"collection":[{"href":"https:\/\/corrientesdetarde.com\/index.php\/wp-json\/wp\/v2\/posts"}],"about":[{"href":"https:\/\/corrientesdetarde.com\/index.php\/wp-json\/wp\/v2\/types\/post"}],"author":[{"embeddable":true,"href":"https:\/\/corrientesdetarde.com\/index.php\/wp-json\/wp\/v2\/users\/8"}],"replies":[{"embeddable":true,"href":"https:\/\/corrientesdetarde.com\/index.php\/wp-json\/wp\/v2\/comments?post=269868"}],"version-history":[{"count":1,"href":"https:\/\/corrientesdetarde.com\/index.php\/wp-json\/wp\/v2\/posts\/269868\/revisions"}],"predecessor-version":[{"id":269870,"href":"https:\/\/corrientesdetarde.com\/index.php\/wp-json\/wp\/v2\/posts\/269868\/revisions\/269870"}],"wp:featuredmedia":[{"embeddable":true,"href":"https:\/\/corrientesdetarde.com\/index.php\/wp-json\/wp\/v2\/media\/269869"}],"wp:attachment":[{"href":"https:\/\/corrientesdetarde.com\/index.php\/wp-json\/wp\/v2\/media?parent=269868"}],"wp:term":[{"taxonomy":"category","embeddable":true,"href":"https:\/\/corrientesdetarde.com\/index.php\/wp-json\/wp\/v2\/categories?post=269868"},{"taxonomy":"post_tag","embeddable":true,"href":"https:\/\/corrientesdetarde.com\/index.php\/wp-json\/wp\/v2\/tags?post=269868"}],"curies":[{"name":"wp","href":"https:\/\/api.w.org\/{rel}","templated":true}]}}