{"id":269871,"date":"2026-09-03T15:41:15","date_gmt":"2026-09-03T18:41:15","guid":{"rendered":"https:\/\/corrientesdetarde.com\/?p=269871"},"modified":"2026-09-03T15:41:27","modified_gmt":"2026-09-03T18:41:27","slug":"el-abogado-de-los-padres-de-tini-stoessel-rompio-el-silencio-en-medio-del-escandalo-me-da-mucha-bronca","status":"publish","type":"post","link":"https:\/\/corrientesdetarde.com\/index.php\/espectaculos\/el-abogado-de-los-padres-de-tini-stoessel-rompio-el-silencio-en-medio-del-escandalo-me-da-mucha-bronca\/","title":{"rendered":"El abogado de los padres de Tini Stoessel rompi\u00f3 el silencio en medio del esc\u00e1ndalo: \u201cMe da mucha bronca\u201d"},"content":{"rendered":"\n<p>Agust\u00edn Rodr\u00edguez se refiri\u00f3 a las versiones sobre el conflicto entre la cantante y su familia. Adem\u00e1s, defendi\u00f3 a Alejandro Stoessel y asegur\u00f3 que \u201cno hay ninguna causa\u201d en su contra.<\/p>\n\n\n\n<p>En medio del\u00a0esc\u00e1ndalo que involucra a\u00a0<strong>Tini Stoessel\u00a0y a su familia<\/strong>, Agust\u00edn Rodr\u00edguez, el abogado de los padres de la cantante, habl\u00f3 p\u00fablicamente y\u00a0<strong>sali\u00f3 al cruce de las versiones que comenzaron a circular en los \u00faltimos d\u00edas<\/strong>.<\/p>\n\n\n\n<p>En di\u00e1logo con\u00a0<em>Intrusos (Am\u00e9rica)<\/em>, el letrado defendi\u00f3 a Alejandro Stoessel y Mariana Muzlera y\u00a0<strong>asegur\u00f3 que actualmente no existe ninguna causa judicial<\/strong>\u00a0iniciada por la cantante contra ellos.<\/p>\n\n\n\n<p>\u201cYo participo como abogado solamente cuando hay causa.&nbsp;<strong>Ac\u00e1 no hay ninguna causa<\/strong>, hay un tema familiar que es p\u00fablico y son cuestiones que las est\u00e1 manejando Alejandro\u201d, explic\u00f3 el abogado.<\/p>\n\n\n\n<figure class=\"wp-block-image\"><img decoding=\"async\" src=\"https:\/\/tn.com.ar\/resizer\/v2\/que-dijo-agustin-rodriguez-el-abogado-de-los-padres-de-tini-stoessel-foto-captura-america-PIEB7VJV3NDBLLEZRKRXN6LONI.JPG?auth=62303d7c7e0dc45ceea8b0ce95599c9b35b869646b08821ac004f0d78854e6cc&amp;width=767\" alt=\"Qu\u00e9 dijo Agust\u00edn Rodr\u00edguez, el abogado de los padres de Tini Stoessel (Foto: Captura Am\u00e9rica)\"\/><\/figure>\n\n\n\n<p>Seg\u00fan detall\u00f3, el padre de Tini se present\u00f3 ante los pedidos de informaci\u00f3n que recibi\u00f3 en medio de la pol\u00e9mica. \u201c<strong>Hasta el momento todo lo que se ha pedido lo ha brindado<\/strong>\u201d, sostuvo.<\/p>\n\n\n\n<h2 class=\"wp-block-heading\">El abogado de los padres de Tini defendi\u00f3 a Alejandro Stoessel<\/h2>\n\n\n\n<p>El letrado destac\u00f3 el v\u00ednculo que mantiene desde hace a\u00f1os con la familia y&nbsp;<strong>asegur\u00f3 conocer a Alejandro Stoessel desde hace m\u00e1s de 15 a\u00f1os<\/strong>. En ese sentido, reivindic\u00f3 su conducta y cuestion\u00f3 las acusaciones que comenzaron a hacerse p\u00fablicas.<\/p>\n\n\n\n<p>\u201cLo conozco hace m\u00e1s de 15 a\u00f1os a Alejandro y a toda la familia. Alejandro siempre ha velado por los intereses de su hija, es un tipo absolutamente honesto\u201d, afirm\u00f3.<\/p>\n\n\n\n<p>Adem\u00e1s, reconoci\u00f3 que las versiones que vinculan al productor con supuestas irregularidades lo afectan personalmente: \u201c<strong>Me dan mucha bronca las cosas<\/strong>&nbsp;que se est\u00e1n diciendo de \u00e9l en forma afirmativa, como que estaf\u00f3 a la hija, como que le rob\u00f3 a la hija\u201d.<\/p>\n\n\n\n<p>El abogado asegur\u00f3 que esas acusaciones podr\u00edan ser aclaradas pr\u00f3ximamente y anticip\u00f3 que, una vez que se conozca toda la informaci\u00f3n,&nbsp;<strong>evaluar\u00e1 junto a Alejandro Stoessel los pasos a seguir<\/strong>.<\/p>\n\n\n\n<figure class=\"wp-block-image\"><img decoding=\"async\" src=\"https:\/\/tn.com.ar\/resizer\/v2\/como-esta-hoy-la-familia-de-tini-stoessel-foto-instagram-tinistoessel-PFXTQWPC7JGJVC6WJFH4ZE2PIU.JPG?auth=bdad231b9a5db00aaf9f6535d28e000b3878861a07c0848249a8de14704f9331&amp;width=767\" alt=\"C\u00f3mo est\u00e1 hoy la familia de Tini Stoessel (Foto: Instagram \/ tinistoessel)\"\/><\/figure>\n\n\n\n<p>\u201cEn el corto plazo va a quedar dilucidado y despu\u00e9s s\u00ed, seguramente, como abogado, lo voy a asesorar para realizar las acciones correspondientes\u201d, advirti\u00f3.<\/p>\n\n\n\n<h2 class=\"wp-block-heading\">Qu\u00e9 dijo sobre el gesto de Tini Stoessel en M\u00e9xico<\/h2>\n\n\n\n<p>Durante la entrevista tambi\u00e9n le preguntaron por el reciente mensaje de Tini, quien rompi\u00f3 el silencio despu\u00e9s de la pol\u00e9mica que se gener\u00f3 durante su estad\u00eda en M\u00e9xico. La cantante habl\u00f3 de sus amigos y del \u201camor de su vida\u201d, pero no hizo referencia a sus padres.<\/p>\n\n\n\n<p>Al respecto, el abogado fue contundente: \u201cTini es una figura p\u00fablica, una estrella y dice lo que tiene que decir o lo que tiene ganas de decir\u201d.<\/p>\n\n\n\n<p>En esa l\u00ednea, volvi\u00f3 a remarcar que, desde el punto de vista judicial, no existe<strong>&nbsp;actualmente un conflicto formal entre la cantante y sus padres<\/strong>.<\/p>\n\n\n\n<figure class=\"wp-block-image\"><img decoding=\"async\" src=\"https:\/\/tn.com.ar\/resizer\/v2\/tini-y-la-muneca-con-vestido-de-novia-foto-captura-xmyhearttinii-PIQEQNM5WZASXJH4ANO2B4HEB4.PNG?auth=6179ef76bf547e4bee79e92433ed726a7e1479991549da76dc44bfe955a01111&amp;width=767\" alt=\"Tini y la mu\u00f1eca con vestido de novia. (Foto: captura X\/MyHeartTinii)\"\/><\/figure>\n\n\n\n<p>\u201cHasta el momento no hay nada. No hay ninguna causa de Tini para con sus padres.&nbsp;<strong>No hay nada por lo que tengan por qu\u00e9 preocuparse los padres<\/strong>\u201d, asegur\u00f3.<\/p>\n\n\n\n<p>Finalmente, explic\u00f3 qu\u00e9 es<strong>&nbsp;lo que le duele a la familia Stoessel en este momento<\/strong>: \u201cLo que m\u00e1s les preocupa hoy es el alcance de todas las cosas que se est\u00e1n diciendo de ellos\u201d.<\/p>\n","protected":false},"excerpt":{"rendered":"<p>Agust\u00edn Rodr\u00edguez se refiri\u00f3 a las versiones sobre el conflicto entre la cantante y su familia. Adem\u00e1s, defendi\u00f3 a Alejandro Stoessel y asegur\u00f3 que \u201cno hay ninguna causa\u201d en su&hellip; <\/p>\n","protected":false},"author":8,"featured_media":269872,"comment_status":"closed","ping_status":"open","sticky":false,"template":"","format":"standard","meta":{"footnotes":""},"categories":[19],"tags":[],"class_list":["post-269871","post","type-post","status-publish","format-standard","has-post-thumbnail","hentry","category-espectaculos"],"_links":{"self":[{"href":"https:\/\/corrientesdetarde.com\/index.php\/wp-json\/wp\/v2\/posts\/269871","targetHints":{"allow":["GET"]}}],"collection":[{"href":"https:\/\/corrientesdetarde.com\/index.php\/wp-json\/wp\/v2\/posts"}],"about":[{"href":"https:\/\/corrientesdetarde.com\/index.php\/wp-json\/wp\/v2\/types\/post"}],"author":[{"embeddable":true,"href":"https:\/\/corrientesdetarde.com\/index.php\/wp-json\/wp\/v2\/users\/8"}],"replies":[{"embeddable":true,"href":"https:\/\/corrientesdetarde.com\/index.php\/wp-json\/wp\/v2\/comments?post=269871"}],"version-history":[{"count":1,"href":"https:\/\/corrientesdetarde.com\/index.php\/wp-json\/wp\/v2\/posts\/269871\/revisions"}],"predecessor-version":[{"id":269873,"href":"https:\/\/corrientesdetarde.com\/index.php\/wp-json\/wp\/v2\/posts\/269871\/revisions\/269873"}],"wp:featuredmedia":[{"embeddable":true,"href":"https:\/\/corrientesdetarde.com\/index.php\/wp-json\/wp\/v2\/media\/269872"}],"wp:attachment":[{"href":"https:\/\/corrientesdetarde.com\/index.php\/wp-json\/wp\/v2\/media?parent=269871"}],"wp:term":[{"taxonomy":"category","embeddable":true,"href":"https:\/\/corrientesdetarde.com\/index.php\/wp-json\/wp\/v2\/categories?post=269871"},{"taxonomy":"post_tag","embeddable":true,"href":"https:\/\/corrientesdetarde.com\/index.php\/wp-json\/wp\/v2\/tags?post=269871"}],"curies":[{"name":"wp","href":"https:\/\/api.w.org\/{rel}","templated":true}]}}