{"id":269874,"date":"2026-09-03T16:18:26","date_gmt":"2026-09-03T19:18:26","guid":{"rendered":"https:\/\/corrientesdetarde.com\/?p=269874"},"modified":"2026-09-03T16:18:38","modified_gmt":"2026-09-03T19:18:38","slug":"la-corte-suprema-confirmo-la-condena-al-exgobernador-de-entre-rios-sergio-urribarri-quedara-detenido","status":"publish","type":"post","link":"https:\/\/corrientesdetarde.com\/index.php\/nacionales\/la-corte-suprema-confirmo-la-condena-al-exgobernador-de-entre-rios-sergio-urribarri-quedara-detenido\/","title":{"rendered":"La Corte Suprema confirm\u00f3 la condena al exgobernador de Entre R\u00edos Sergio Urribarri: quedar\u00e1 detenido"},"content":{"rendered":"\n<p>El m\u00e1ximo tribunal rechaz\u00f3 todos los recursos presentados por la defensa. El exmandatario provincial ir\u00e1 a prisi\u00f3n por el desv\u00edo de fondos p\u00fablicos durante su gesti\u00f3n, entre 2007 y 2015.<\/p>\n\n\n\n<p>El exgobernador de Entre R\u00edos\u00a0<strong>Sergio Urribarri<\/strong> ir\u00e1 a prisi\u00f3n luego de que la Corte Suprema de Justicia confirme la condena que pensaba en su contra por desv\u00edo de fondos p\u00fablicos durante su administraci\u00f3n provincial.\u00a0<strong>Adem\u00e1s de ir preso, la condena inhabilita a Urribarri a ejercer cargos p\u00fablicos.<\/strong><\/p>\n\n\n\n<p>La decisi\u00f3n fue de los jueces\u00a0<strong>Horacio Rosatti, Carlos Rosenkrantz y Ricardo Lorenzetti<\/strong>, querechazaron un recurso extraordinario presentado por la defensa del ex mandatario.<\/p>\n\n\n\n<p>La condena original contra el ex gobernador data del 7 de abril de 2022, cuando el Tribunal de Juicios y Apelaciones de Paran\u00e1\u00a0<strong>sentenci\u00f3 a Urribarri a\u00a0ocho a\u00f1os de prisi\u00f3n\u00a0e inhabilitaci\u00f3n perpetua para ejercer cargos p\u00fablicos<\/strong>. La causa investig\u00f3 el direccionamiento de contrataciones de publicidad oficial del Gobierno de Entre R\u00edos entre 2010 y 2015, con pagos a empresas sin actividad real y un esquema de testaferros que, seg\u00fan la acusaci\u00f3n, benefici\u00f3 a su cu\u00f1ado,\u00a0<strong>Juan Pablo Aguilera<\/strong>.<\/p>\n\n\n\n<figure class=\"wp-block-image\"><img decoding=\"async\" src=\"https:\/\/tn.com.ar\/resizer\/v2\/urribarri-fue-gobernador-durante-el-kirchnerismo-y-luego-embajadoor-en-israel-archivo-tn-SWPQV5A675DJ7AI34ZSEVKDCPQ.jpg?auth=5b5c78417719212c200cf32236ce2810f407b9c9c3e4a057248220becf3584ab&amp;width=767\" alt=\"Urribarri fue gobernador durante el kirchnerismo y luego embajadoor en Israel. (Archivo TN)\"\/><\/figure>\n\n\n\n<p>Entre los hechos investigados figuraron tambi\u00e9n<strong>&nbsp;gastos vinculados a la Cumbre del Mercosur realizada en Paran\u00e1 en 2014<\/strong>. En la misma causa fueron condenados&nbsp;<strong>Pedro B\u00e1ez<\/strong>, exministro de Cultura y Comunicaci\u00f3n de la provincia, y el propio Aguilera, ambos a seis a\u00f1os de prisi\u00f3n.<\/p>\n\n\n\n<p>Urribarri, que gobern\u00f3 Entre R\u00edos entre 2007 y 2015 por el kirchnerismo y luego se desempe\u00f1\u00f3 como embajador argentino en Israel,&nbsp;<strong>hab\u00eda estado detenido durante 50 d\u00edas a partir de noviembre de 2024<\/strong>, cuando la C\u00e1mara de Casaci\u00f3n Penal de Entre R\u00edos orden\u00f3 su captura por temor a que intentara frustrar el proceso. Esa medida fue revocada en enero de 2025 y ahora aguardaba la decisi\u00f3n final en su domicilio. Con la condena firme tras el fallo de la Corte Suprema, la Justicia de Entre R\u00edos deber\u00e1 disponer la ejecuci\u00f3n de la pena.<\/p>\n\n\n\n<h2 class=\"wp-block-heading\"><strong>Los argumentos de la Corte Suprema<\/strong><\/h2>\n\n\n\n<p>El tribunal sostuvo que los recursos extraordinarios \u201cparcialmente concedidos\u201d por el Superior Tribunal de Justicia de Entre R\u00edos el 22 de octubre de 2024 \u201cson inadmisibles\u201d, en los t\u00e9rminos del art\u00edculo 280 del C\u00f3digo Procesal Civil y Comercial de la Naci\u00f3n, la norma que permite a la Corte rechazar apelaciones sin dar mayores fundamentos cuando entiende que no hay una cuesti\u00f3n federal suficiente para tratar.<\/p>\n\n\n\n<p>En su voto, Lorenzetti agreg\u00f3 una aclaraci\u00f3n: cit\u00f3 el precedente \u201cVidal\u201d para remarcar que el rechazo de un recurso por esa v\u00eda \u201cno importa confirmar ni afirmar la justicia o el acierto de la decisi\u00f3n recurrida\u201d.&nbsp;<strong>La resoluci\u00f3n alcanz\u00f3 tambi\u00e9n a los otros seis condenados en la misma causa que hab\u00edan llegado en queja ante la Corte:&nbsp;<\/strong>Gerardo Daniel Caruso, Corina Cargnel, Emiliano Giacopuzzi, Juan Pablo Aguilera, Luciana Bel\u00e9n Almada y Pedro \u00c1ngel B\u00e1ez. Todos los planteos fueron desestimados.<\/p>\n","protected":false},"excerpt":{"rendered":"<p>El m\u00e1ximo tribunal rechaz\u00f3 todos los recursos presentados por la defensa. El exmandatario provincial ir\u00e1 a prisi\u00f3n por el desv\u00edo de fondos p\u00fablicos durante su gesti\u00f3n, entre 2007 y 2015.&hellip; <\/p>\n","protected":false},"author":8,"featured_media":269875,"comment_status":"closed","ping_status":"open","sticky":false,"template":"","format":"standard","meta":{"footnotes":""},"categories":[10],"tags":[],"class_list":["post-269874","post","type-post","status-publish","format-standard","has-post-thumbnail","hentry","category-nacionales"],"_links":{"self":[{"href":"https:\/\/corrientesdetarde.com\/index.php\/wp-json\/wp\/v2\/posts\/269874","targetHints":{"allow":["GET"]}}],"collection":[{"href":"https:\/\/corrientesdetarde.com\/index.php\/wp-json\/wp\/v2\/posts"}],"about":[{"href":"https:\/\/corrientesdetarde.com\/index.php\/wp-json\/wp\/v2\/types\/post"}],"author":[{"embeddable":true,"href":"https:\/\/corrientesdetarde.com\/index.php\/wp-json\/wp\/v2\/users\/8"}],"replies":[{"embeddable":true,"href":"https:\/\/corrientesdetarde.com\/index.php\/wp-json\/wp\/v2\/comments?post=269874"}],"version-history":[{"count":1,"href":"https:\/\/corrientesdetarde.com\/index.php\/wp-json\/wp\/v2\/posts\/269874\/revisions"}],"predecessor-version":[{"id":269876,"href":"https:\/\/corrientesdetarde.com\/index.php\/wp-json\/wp\/v2\/posts\/269874\/revisions\/269876"}],"wp:featuredmedia":[{"embeddable":true,"href":"https:\/\/corrientesdetarde.com\/index.php\/wp-json\/wp\/v2\/media\/269875"}],"wp:attachment":[{"href":"https:\/\/corrientesdetarde.com\/index.php\/wp-json\/wp\/v2\/media?parent=269874"}],"wp:term":[{"taxonomy":"category","embeddable":true,"href":"https:\/\/corrientesdetarde.com\/index.php\/wp-json\/wp\/v2\/categories?post=269874"},{"taxonomy":"post_tag","embeddable":true,"href":"https:\/\/corrientesdetarde.com\/index.php\/wp-json\/wp\/v2\/tags?post=269874"}],"curies":[{"name":"wp","href":"https:\/\/api.w.org\/{rel}","templated":true}]}}