{"id":269877,"date":"2026-09-03T16:23:34","date_gmt":"2026-09-03T19:23:34","guid":{"rendered":"https:\/\/corrientesdetarde.com\/?p=269877"},"modified":"2026-09-03T16:23:40","modified_gmt":"2026-09-03T19:23:40","slug":"estados-unidos-aumento-la-presion-contra-cuba-y-sanciono-a-uno-de-los-nietos-de-raul-castro","status":"publish","type":"post","link":"https:\/\/corrientesdetarde.com\/index.php\/internacionales\/estados-unidos-aumento-la-presion-contra-cuba-y-sanciono-a-uno-de-los-nietos-de-raul-castro\/","title":{"rendered":"Estados Unidos aument\u00f3 la presi\u00f3n contra Cuba y sancion\u00f3 a uno de los nietos de Ra\u00fal Castro"},"content":{"rendered":"\n<p>Tambi\u00e9n puso en la mira a cinco entidades econ\u00f3micas y bancarias de la isla.<\/p>\n\n\n\n<p>En medio de\u00a0una versi\u00f3n period\u00edstica sobre el estado de salud de Ra\u00fal Castro, Estados Unidos anunci\u00f3 este jueves sanciones contra\u00a0<strong>Fidel Ernesto Castro<\/strong>, uno de los nietos del expresidente cubano, as\u00ed como contra cinco entidades econ\u00f3micas y bancarias de la isla.<\/p>\n\n\n\n<p>\u201cEntre los designados hoy se encuentran un nieto de Ra\u00fal Castro, Fidel Ernesto Castro Calis, el Banco Exterior de Cuba y cuatro entidades que explotan los recursos naturales o las reservas energ\u00e9ticas de Cuba en beneficio del r\u00e9gimen\u201d, dijo el secretario de Estado de Estados Unidos,<strong>\u00a0Marco Rubio<\/strong>, en un comunicado.<\/p>\n\n\n\n<p>Fidel Ernesto Castro Calis, de 31 a\u00f1os, es hijo de\u00a0Alejandro Castro Esp\u00edn, general de brigada y una de las figuras principales del gobierno, que fue a su vez sancionado por Washington recientemente.<\/p>\n\n\n\n<p>Esta nueva oleada de sanciones se conoci\u00f3 despu\u00e9s que un diario estadounidense de la comunidad cubana public\u00f3 que Ra\u00fal Castro, de 95 a\u00f1os, sufri\u00f3 un ACV y se encuentra en grave estado.<\/p>\n\n\n\n<p>\u201cMientras el pueblo cubano sufre, la familia Castro y sus compinches en el represivo Ministerio del Interior de Cuba (MININT) siguen perpetuando su control absoluto sobre la econom\u00eda de la isla, acaparando recursos en beneficio de un peque\u00f1o grupo de \u00e9lites del r\u00e9gimen\u201d, acus\u00f3 Rubio en su comunicado.<\/p>\n\n\n\n<h2 class=\"wp-block-heading\">Crece la presi\u00f3n de Washington contra Cuba<\/h2>\n\n\n\n<p>Estados Unidos impuso en los \u00faltimos meses sanciones a varias autoridades cubanas, incluido el presidente&nbsp;<strong>Miguel D\u00edaz-Canel<\/strong>, as\u00ed como a miembros de la familia Castro.<\/p>\n\n\n\n<p>Las sanciones implican la prohibici\u00f3n de realizar transacciones financieras y comerciales con las personas y entidades designadas, cuyos activos bajo jurisdicci\u00f3n estadounidense est\u00e1n bloqueadas. Las sanciones forman parte de la estrategia de presi\u00f3n que el gobierno de Trump ejerce sobre Cuba para forzar cambios econ\u00f3micos y pol\u00edticos en el pa\u00eds.<\/p>\n\n\n\n<figure class=\"wp-block-image\"><img decoding=\"async\" src=\"https:\/\/tn.com.ar\/resizer\/v2\/raul-castro-derecha-aparece-junto-al-actual-presidente-de-cuba-miguel-diaz-canel-en-una-foto-de-archivo-del-1-de-mayo-de-2019-en-la-habana-foto-reutersalexandre-meneghini-O5FKB2RKYJB6VIFZCKHWE52TIM.jpg?auth=cdcf06fb69bb1c2a7c6cd3661c2c49b1a97dca0f8381f5ad83847fb753f45993&amp;width=767\" alt=\"Raul Castro (derecha) aparece junto al actual presidente de Cuba, Miguel Diaz-Canel, en una foto de archivo del 1 de mayo de 2019 en La Habana. (Foto: REUTERS\/Alexandre Meneghini)\"\/><\/figure>\n\n\n\n<p>Desde la captura el pasado enero del entonces presidente de Venezuela Nicol\u00e1s Maduro, en un ataque militar estadounidense en Caracas,&nbsp;<strong>Trump impuso un bloqueo petrolero a Cuba que agrav\u00f3 su crisis econ\u00f3mica y amenaz\u00f3 en varias ocasiones con \u201ctomar el control\u201d de la isla.<\/strong><\/p>\n\n\n\n<p>Esta presi\u00f3n se suma al&nbsp;<strong>embargo estadounidense vigente desde 1961&nbsp;<\/strong>contra la isla y la creciente presi\u00f3n de Washington a inversores extranjeros en Cuba.<\/p>\n","protected":false},"excerpt":{"rendered":"<p>Tambi\u00e9n puso en la mira a cinco entidades econ\u00f3micas y bancarias de la isla. En medio de\u00a0una versi\u00f3n period\u00edstica sobre el estado de salud de Ra\u00fal Castro, Estados Unidos anunci\u00f3&hellip; <\/p>\n","protected":false},"author":8,"featured_media":269878,"comment_status":"closed","ping_status":"open","sticky":false,"template":"","format":"standard","meta":{"footnotes":""},"categories":[11],"tags":[],"class_list":["post-269877","post","type-post","status-publish","format-standard","has-post-thumbnail","hentry","category-internacionales"],"_links":{"self":[{"href":"https:\/\/corrientesdetarde.com\/index.php\/wp-json\/wp\/v2\/posts\/269877","targetHints":{"allow":["GET"]}}],"collection":[{"href":"https:\/\/corrientesdetarde.com\/index.php\/wp-json\/wp\/v2\/posts"}],"about":[{"href":"https:\/\/corrientesdetarde.com\/index.php\/wp-json\/wp\/v2\/types\/post"}],"author":[{"embeddable":true,"href":"https:\/\/corrientesdetarde.com\/index.php\/wp-json\/wp\/v2\/users\/8"}],"replies":[{"embeddable":true,"href":"https:\/\/corrientesdetarde.com\/index.php\/wp-json\/wp\/v2\/comments?post=269877"}],"version-history":[{"count":1,"href":"https:\/\/corrientesdetarde.com\/index.php\/wp-json\/wp\/v2\/posts\/269877\/revisions"}],"predecessor-version":[{"id":269879,"href":"https:\/\/corrientesdetarde.com\/index.php\/wp-json\/wp\/v2\/posts\/269877\/revisions\/269879"}],"wp:featuredmedia":[{"embeddable":true,"href":"https:\/\/corrientesdetarde.com\/index.php\/wp-json\/wp\/v2\/media\/269878"}],"wp:attachment":[{"href":"https:\/\/corrientesdetarde.com\/index.php\/wp-json\/wp\/v2\/media?parent=269877"}],"wp:term":[{"taxonomy":"category","embeddable":true,"href":"https:\/\/corrientesdetarde.com\/index.php\/wp-json\/wp\/v2\/categories?post=269877"},{"taxonomy":"post_tag","embeddable":true,"href":"https:\/\/corrientesdetarde.com\/index.php\/wp-json\/wp\/v2\/tags?post=269877"}],"curies":[{"name":"wp","href":"https:\/\/api.w.org\/{rel}","templated":true}]}}