{"id":269880,"date":"2026-09-03T16:28:58","date_gmt":"2026-09-03T19:28:58","guid":{"rendered":"https:\/\/corrientesdetarde.com\/?p=269880"},"modified":"2026-09-03T16:29:10","modified_gmt":"2026-09-03T19:29:10","slug":"reves-para-tapia-y-toviggino-la-justicia-revoco-el-bozal-legal-a-periodistas-y-dirigentes-politicos","status":"publish","type":"post","link":"https:\/\/corrientesdetarde.com\/index.php\/deportes\/reves-para-tapia-y-toviggino-la-justicia-revoco-el-bozal-legal-a-periodistas-y-dirigentes-politicos\/","title":{"rendered":"Rev\u00e9s para Tapia y Toviggino: la Justicia revoc\u00f3 el \u201cbozal legal\u201d a periodistas y dirigentes pol\u00edticos"},"content":{"rendered":"\n<p>La C\u00e1mara de Apelaciones y Garant\u00edas en lo Penal de San Isidro anul\u00f3 la medida que imped\u00eda a cinco periodistas y a tres dirigentes pol\u00edticos acercarse o referirse al presidente de la AFA y su tesorero. Los jueces sostuvieron que la restricci\u00f3n violaba la libertad de expresi\u00f3n.<\/p>\n\n\n\n<p>La Justicia revoc\u00f3 el fallo que le hab\u00eda impuesto un\u00a0<strong>\u201cbozal legal\u201d a periodistas y dirigentes<\/strong>\u00a0<strong>pol\u00edticos<\/strong>\u00a0para que no hablen del presidente de la\u00a0AFA,\u00a0<strong>Claudio \u201cChiqui\u201d Tapia<\/strong>, y del tesorero de la entidad,\u00a0<strong>Pablo Toviggino<\/strong>.<\/p>\n\n\n\n<p>La medida hab\u00eda sido impuesta por el juez de Garant\u00edas de Pilar Walter Saettone a pedido de Tapia contra los periodistas\u00a0<strong>Nicol\u00e1s Pizzi, Federico Teijeiro, Bruno Yacono, Luis Gasulla y Mariano Roa<\/strong>, que publicaron notas sobre las causas judiciales de la AFA, y contra los dirigentes de la Coalici\u00f3n C\u00edvica\u00a0<strong>Leandro Camani, Mat\u00edas Yofe y Facundo Del Gaiso<\/strong>, quienes presentaron denuncias penales, entre ellas la de la\u00a0mansi\u00f3n de Pilar.<\/p>\n\n\n\n<p>El bozal implic\u00f3 la&nbsp;<strong>prohibici\u00f3n de contacto con Tapia y Toviggino y su grupo familiar por cualquier medio<\/strong>, la prohibici\u00f3n de acercamiento a ellos y \u201ca los lugares donde desarrolle sus actividades habituales, en un radio de 500 metros\u201d, y la orden de abstenerse \u201cde realizar conductas que impliquen la captaci\u00f3n, reproducci\u00f3n o exposici\u00f3n de datos personales, im\u00e1genes o informaci\u00f3n del \u00e1mbito privado o familiar del denunciante, no quedando alcanzadas por la presente aquellas manifestaciones o referencias vinculadas a su actuaci\u00f3n p\u00fablica o a asuntos de inter\u00e9s general, en tanto no impliquen contacto directo o indirecto con el mismo ni la difusi\u00f3n de datos personales\u201d.<\/p>\n\n\n\n<figure class=\"wp-block-image is-resized\"><img decoding=\"async\" src=\"https:\/\/tn.com.ar\/resizer\/v2\/tapia-y-toviggino-habian-pedido-un-bozal-legal-contra-los-periodistas-que-investigan-el-caso-de-la-mansion-de-pilar-fuente-tncomar-7GD5JIT34ZFTXOF3WHNKCFDGPQ.jpg?auth=029e8d6b5d320d84e3007f0e068dd7614554be1464841b22d75652c7f84d7317&amp;width=767\" alt=\"Tapia y Toviggino hab\u00edan pedido un &quot;bozal legal&quot; contra los periodistas que investigan el caso de la mansi\u00f3n de Pilar. (Fuente: TN.com.ar)\" style=\"aspect-ratio:1.809002203336481;width:338px;height:auto\"\/><\/figure>\n\n\n\n<p>El fallo fue apelado por los periodistas, y los jueces de la C\u00e1mara de Apelaciones y Garant\u00edas en lo Penal de San Isidro Gustavo Herbel, Luis Cayuela y Carlos Blanco aceptaron sus planteos. En su voto,&nbsp;<strong>Herbel sostuvo que a los periodistas \u201cno se les ha limitado su actividad period\u00edstica \u00fanicamente respecto de la vida privada y familiar de Tapia y Toviggino\u201d sino que las restricciones impactan en su profesi\u00f3n.<\/strong><\/p>\n\n\n\n<p>El magistrado sostuvo que la prohibici\u00f3n de contacto con los dirigentes del f\u00fatbol \u201cno s\u00f3lo abarcar\u00eda el contacto directo con los nombrados, sino tambi\u00e9n cualquier contacto que tenga a ellos como tema o referencia\u201d y que incluye a los lugares donde Tapia y Toviggino desarrollen sus actividades habituales, entre ellos la AFA.&nbsp;<strong>\u201cLos afectados incluso no podr\u00edan concurrir al Palacio de Justicia de CABA ubicado en la calle Talcahuano 550 (cerca de la sede de AFA de la calle Viamonte 1366)\u201d<\/strong>, puso como ejemplo.<\/p>\n\n\n\n<p>Sobre la prohibici\u00f3n de publicar datos personales, Herbel se\u00f1al\u00f3 que&nbsp;<strong>\u201cla prohibici\u00f3n de su uso determinar\u00eda una obstante que restringe la actividad period\u00edstica, instrumento sustancial del derecho a la informaci\u00f3n<\/strong>&nbsp;y, por tanto, al control de la actividad desarrollada por personas relevantes en el quehacer p\u00fablico del \u00e1mbito nacional, esencial para cualquier sistema democr\u00e1tico\u201d. El magistrado agreg\u00f3 que las medidas \u201crestringen su libertad de expresi\u00f3n \u2014que comprende investigar y comunicar\u2014 en asuntos de posible inter\u00e9s p\u00fablico, condicionando el ejercicio l\u00edcito de su actividad period\u00edstica\u201d.<\/p>\n\n\n\n<p>Y concluy\u00f3:&nbsp;<strong>\u201cExiste libertad de expresi\u00f3n y protecci\u00f3n de la investigaci\u00f3n period\u00edstica, y cuando su publicaci\u00f3n resulte lesiva, ser\u00e1 materia de denuncia judicial y eventual punici\u00f3n\u201d.<\/strong><\/p>\n\n\n\n<p>Por su parte, los jueces Cayuela y Blanco revocaron las medidas de prohibici\u00f3n por otro argumento:&nbsp;<strong>se\u00f1alaron que el magistrado de primera instancia tom\u00f3 una decisi\u00f3n sin tener competencia para eso.&nbsp;<\/strong>\u201cEn el caso bajo examen, las decisiones aqu\u00ed cuestionadas no encuentran sustento competencial en ninguno de los supuestos contemplados por el art\u00edculo 23, ni tampoco se advierte una disposici\u00f3n del C\u00f3digo Procesal Penal que, por v\u00eda del inciso 9, habilite al Juez de Garant\u00edas a adoptarlas u otra ley complementaria\u201d, sostuvieron.<\/p>\n","protected":false},"excerpt":{"rendered":"<p>La C\u00e1mara de Apelaciones y Garant\u00edas en lo Penal de San Isidro anul\u00f3 la medida que imped\u00eda a cinco periodistas y a tres dirigentes pol\u00edticos acercarse o referirse al presidente&hellip; <\/p>\n","protected":false},"author":8,"featured_media":269881,"comment_status":"closed","ping_status":"open","sticky":false,"template":"","format":"standard","meta":{"footnotes":""},"categories":[4],"tags":[],"class_list":["post-269880","post","type-post","status-publish","format-standard","has-post-thumbnail","hentry","category-deportes"],"_links":{"self":[{"href":"https:\/\/corrientesdetarde.com\/index.php\/wp-json\/wp\/v2\/posts\/269880","targetHints":{"allow":["GET"]}}],"collection":[{"href":"https:\/\/corrientesdetarde.com\/index.php\/wp-json\/wp\/v2\/posts"}],"about":[{"href":"https:\/\/corrientesdetarde.com\/index.php\/wp-json\/wp\/v2\/types\/post"}],"author":[{"embeddable":true,"href":"https:\/\/corrientesdetarde.com\/index.php\/wp-json\/wp\/v2\/users\/8"}],"replies":[{"embeddable":true,"href":"https:\/\/corrientesdetarde.com\/index.php\/wp-json\/wp\/v2\/comments?post=269880"}],"version-history":[{"count":1,"href":"https:\/\/corrientesdetarde.com\/index.php\/wp-json\/wp\/v2\/posts\/269880\/revisions"}],"predecessor-version":[{"id":269882,"href":"https:\/\/corrientesdetarde.com\/index.php\/wp-json\/wp\/v2\/posts\/269880\/revisions\/269882"}],"wp:featuredmedia":[{"embeddable":true,"href":"https:\/\/corrientesdetarde.com\/index.php\/wp-json\/wp\/v2\/media\/269881"}],"wp:attachment":[{"href":"https:\/\/corrientesdetarde.com\/index.php\/wp-json\/wp\/v2\/media?parent=269880"}],"wp:term":[{"taxonomy":"category","embeddable":true,"href":"https:\/\/corrientesdetarde.com\/index.php\/wp-json\/wp\/v2\/categories?post=269880"},{"taxonomy":"post_tag","embeddable":true,"href":"https:\/\/corrientesdetarde.com\/index.php\/wp-json\/wp\/v2\/tags?post=269880"}],"curies":[{"name":"wp","href":"https:\/\/api.w.org\/{rel}","templated":true}]}}