{"id":269883,"date":"2026-09-03T16:32:14","date_gmt":"2026-09-03T19:32:14","guid":{"rendered":"https:\/\/corrientesdetarde.com\/?p=269883"},"modified":"2026-09-03T16:32:26","modified_gmt":"2026-09-03T19:32:26","slug":"el-comunicado-del-equipo-de-emilia-mernes-despues-de-que-la-vincularan-con-rodrigo-de-paul","status":"publish","type":"post","link":"https:\/\/corrientesdetarde.com\/index.php\/espectaculos\/el-comunicado-del-equipo-de-emilia-mernes-despues-de-que-la-vincularan-con-rodrigo-de-paul\/","title":{"rendered":"El comunicado del equipo de Emilia Mernes despu\u00e9s de que la vincularan con Rodrigo De Paul"},"content":{"rendered":"\n<p>Desde el entorno de la artista desmintieron los rumores que circularon en las \u00faltimas horas.<\/p>\n\n\n\n<p>En las \u00faltimas horas comenzaron a circular rumores de un supuesto acercamiento entre\u00a0<strong>Emilia Mernes\u00a0y\u00a0Rodrigo De Paul\u00a0en una fiesta<\/strong>. Seg\u00fan indic\u00f3 el periodista Gustavo M\u00e9ndez,<strong>\u00a0la cantante le \u201chabr\u00eda tirado la boca\u201d al campe\u00f3n del mundo.<\/strong><\/p>\n\n\n\n<p>A ra\u00edz de este rumor, el equipo de prensa de la artista emiti\u00f3 un contundente comunicado en el que se\u00a0<strong>desmienten estas versiones.<\/strong><\/p>\n\n\n\n<p>\u201cEl equipo de prensa emite el presente comunicado a ra\u00edz de la circulaci\u00f3n, en los \u00faltimos d\u00edas, de<strong>&nbsp;informaciones falsas&nbsp;<\/strong>sobre la artista por parte de determinados medios, con la evidente intenci\u00f3n de difamar, y sin haber mediado ning\u00fan tipo de verificaci\u00f3n previa\u201d, dice el primer p\u00e1rrafo del texto.<\/p>\n\n\n\n<figure class=\"wp-block-image\"><img decoding=\"async\" src=\"https:\/\/tn.com.ar\/resizer\/v2\/el-comunicado-del-equipo-de-prensa-de-emilia-mernes-foto-instagramvickyroa-MXG4FHRPRJCPHNF3UJNUXY4SEQ.png?auth=70352728b040c715d88cac77d0999d793bc8aa4741ce0a5474dafa65fde5304e&amp;width=767\" alt=\"El comunicado del equipo de prensa de Emilia Mernes (Foto: Instagram\/vickyroa__)\"\/><\/figure>\n\n\n\n<p>Luego, se dirigieron a los canales y portales que replicaron la noticia: \u201cNos dirigimos formalmente a los profesionales de la comunicaci\u00f3n para recordar que&nbsp;<strong>chequear la informaci\u00f3n<\/strong>&nbsp;antes de su publicaci\u00f3n no constituye una opci\u00f3n, sino&nbsp;<strong>un deber inherente al ejercicio period\u00edstico<\/strong>. Solicitamos que cada dato sea contrastado con las fuentes oficiales correspondientes antes de ser difundido\u201d.<\/p>\n\n\n\n<p>\u201c<strong>La libertad de informar no elimina la responsabilidad de chequear la informaci\u00f3n<\/strong>. La primicia puede durar unas horas; la credibilidad de un periodista se construye durante toda una carrera\u201d, agregaron.<\/p>\n\n\n\n<p>Finalmente, el comunicado concluye: \u201cAgradecemos la responsabilidad profesional de quienes ejercen su labor con la seriedad y el rigor que la audiencia merece\u201d.<\/p>\n\n\n\n<h2 class=\"wp-block-heading\">La foto que comparti\u00f3 Emilia Mernes junto a su pap\u00e1 en medio del conflicto familiar de Tini Stoessel<\/h2>\n\n\n\n<p><strong>Emilia Mernes<\/strong>\u00a0eligi\u00f3 las redes sociales para homenajear a su pap\u00e1 Pedro en el d\u00eda de su cumplea\u00f1os y comparti\u00f3 un emotivo mensaje que conmovi\u00f3 a sus seguidores.<\/p>\n\n\n\n<p>La artista de Entre R\u00edos public\u00f3 una serie de fotos familiares y escribi\u00f3:&nbsp;<strong>\u201cD\u00edganle feliz cumple al mejor guerrero\u201d<\/strong>. La frase r\u00e1pidamente gener\u00f3 repercusi\u00f3n por el significado especial que tiene para ella.<\/p>\n\n\n\n<figure class=\"wp-block-image\"><img decoding=\"async\" src=\"https:\/\/tn.com.ar\/resizer\/v2\/el-mensaje-de-emilia-mernes-para-su-papa-foto-captura-instagrammalaperocutie-V5VSVOFARBFWRKC5I5VVYOYDJI.png?auth=744b0b2e54c51660b293bd79eabba70ad588dfc91748127bdff024d2a673e607&amp;width=767\" alt=\"El mensaje de Emilia Mernes para su pap\u00e1 (Foto: captura Instagram\/malaperocutie)\"\/><\/figure>\n\n\n\n<p><strong>En las im\u00e1genes se la pudo ver abrazada a su pap\u00e1<\/strong>, junto a su hermano Gabriel y su mam\u00e1 Gabriela, y tambi\u00e9n retrat\u00f3 el momento en que su madre preparaba la torta para el agasajado. Adem\u00e1s, subi\u00f3 un video en el que Pedro soplaba las velitas rodeado de su familia, mientras todos le cantaban el feliz cumplea\u00f1os.<\/p>\n\n\n\n<p>La elecci\u00f3n de la palabra&nbsp;<strong>\u201cguerrero\u201d<\/strong>&nbsp;no pas\u00f3 inadvertida entre los fan\u00e1ticos de la artista, ya que en 2023 lanz\u00f3 la canci\u00f3n&nbsp;<em>Guerrero.mp3<\/em>,<strong>&nbsp;inspirada en la lucha de su pap\u00e1 contra el c\u00e1ncer<\/strong>, enfermedad que le diagnosticaron en 2019.<\/p>\n","protected":false},"excerpt":{"rendered":"<p>Desde el entorno de la artista desmintieron los rumores que circularon en las \u00faltimas horas. En las \u00faltimas horas comenzaron a circular rumores de un supuesto acercamiento entre\u00a0Emilia Mernes\u00a0y\u00a0Rodrigo De&hellip; <\/p>\n","protected":false},"author":8,"featured_media":269884,"comment_status":"closed","ping_status":"open","sticky":false,"template":"","format":"standard","meta":{"footnotes":""},"categories":[19],"tags":[],"class_list":["post-269883","post","type-post","status-publish","format-standard","has-post-thumbnail","hentry","category-espectaculos"],"_links":{"self":[{"href":"https:\/\/corrientesdetarde.com\/index.php\/wp-json\/wp\/v2\/posts\/269883","targetHints":{"allow":["GET"]}}],"collection":[{"href":"https:\/\/corrientesdetarde.com\/index.php\/wp-json\/wp\/v2\/posts"}],"about":[{"href":"https:\/\/corrientesdetarde.com\/index.php\/wp-json\/wp\/v2\/types\/post"}],"author":[{"embeddable":true,"href":"https:\/\/corrientesdetarde.com\/index.php\/wp-json\/wp\/v2\/users\/8"}],"replies":[{"embeddable":true,"href":"https:\/\/corrientesdetarde.com\/index.php\/wp-json\/wp\/v2\/comments?post=269883"}],"version-history":[{"count":1,"href":"https:\/\/corrientesdetarde.com\/index.php\/wp-json\/wp\/v2\/posts\/269883\/revisions"}],"predecessor-version":[{"id":269885,"href":"https:\/\/corrientesdetarde.com\/index.php\/wp-json\/wp\/v2\/posts\/269883\/revisions\/269885"}],"wp:featuredmedia":[{"embeddable":true,"href":"https:\/\/corrientesdetarde.com\/index.php\/wp-json\/wp\/v2\/media\/269884"}],"wp:attachment":[{"href":"https:\/\/corrientesdetarde.com\/index.php\/wp-json\/wp\/v2\/media?parent=269883"}],"wp:term":[{"taxonomy":"category","embeddable":true,"href":"https:\/\/corrientesdetarde.com\/index.php\/wp-json\/wp\/v2\/categories?post=269883"},{"taxonomy":"post_tag","embeddable":true,"href":"https:\/\/corrientesdetarde.com\/index.php\/wp-json\/wp\/v2\/tags?post=269883"}],"curies":[{"name":"wp","href":"https:\/\/api.w.org\/{rel}","templated":true}]}}