{"id":269886,"date":"2026-09-03T22:11:34","date_gmt":"2026-09-04T01:11:34","guid":{"rendered":"https:\/\/corrientesdetarde.com\/?p=269886"},"modified":"2026-09-03T22:11:39","modified_gmt":"2026-09-04T01:11:39","slug":"milei-anuncio-sanciones-a-empresas-que-operen-en-malvinas-y-una-base-militar-en-tierra-del-fuego","status":"publish","type":"post","link":"https:\/\/corrientesdetarde.com\/index.php\/nacionales\/milei-anuncio-sanciones-a-empresas-que-operen-en-malvinas-y-una-base-militar-en-tierra-del-fuego\/","title":{"rendered":"Milei anunci\u00f3 sanciones a empresas que operen en Malvinas y una base militar en Tierra del Fuego"},"content":{"rendered":"\n<h2 class=\"wp-block-heading\">En cadena nacional, el Presidente ratific\u00f3 la soberan\u00eda de las Islas y lanz\u00f3 duras cr\u00edticas al Reino Unido.<\/h2>\n\n\n\n<p>El presidente&nbsp;<strong>Javier Milei anunci\u00f3 este jueves sanciones para las empresas petroleras que operen en las Islas Malvinas, al tiempo que lanz\u00f3 duras cr\u00edticas al Reino Unido.<\/strong><\/p>\n\n\n\n<p>El mandatario nacional habl\u00f3 en cadena nacional y detall\u00f3 que el gobierno&nbsp;<strong>endurecer\u00e1 las sanciones<\/strong>&nbsp;y penas para compa\u00f1\u00edas que act\u00faen en el archipi\u00e9lago, las que no podr\u00e1n trabajar en la Argentina y se expondr\u00e1n a un juicio en ausencia.<\/p>\n\n\n\n<p>Adem\u00e1s, anunci\u00f3 que dispondr\u00e1 mayores recursos al Ministerio de Defensa a trav\u00e9s de un DNU para construir una&nbsp;<strong>base militar en Tierra del Fuego.<\/strong><\/p>\n\n\n\n<p><strong>\u201cVamos a ampliar los recursos del Ministerio de Defensa con el fin prioritario de construir una base naval en Tierra del Fuego e incrementar las capacidades en comunicaci\u00f3n\u201d&nbsp;<\/strong>de la zona, indic\u00f3 en su discurso.&nbsp;<\/p>\n\n\n\n<p>Todos los ministros trabajaron coordinados para armar el mensaje y el asesor presidencial&nbsp;<strong>Santiago Caputo<\/strong>&nbsp;fue el encargado de darle la mirada final junto al Presidente antes de la grabaci\u00f3n.<\/p>\n\n\n\n<p>Milei confirm\u00f3 que el Gobierno desplegar\u00e1 \u201c<strong>todas las herramientas del Estado, diplom\u00e1ticas, econ\u00f3micas, judiciales y legales para disuadir a los actores estatales y no estatales que violenten la soberan\u00eda<\/strong>\u201d sobre las Islas Malvinas.<\/p>\n\n\n\n<p>\u201cLa Canciller\u00eda argentina ya ha enviado cerca de 180 notas de desaliento a empresas y a m\u00e1s de 29 pa\u00edses involucrados en distintos proyectos en nuestras islas\u201d, resalt\u00f3.<\/p>\n\n\n\n<p>En el mensaje, Milei anunci\u00f3:&nbsp;<strong>&#8220;Firmar\u00e9 un decreto para&nbsp;dotar de mayor celeridad a los procedimientos sancionatorios que impone la ley 26.659 contra quienes participan de iniciativas de explotaci\u00f3n de petr\u00f3leo\u201d.<\/strong><\/p>\n\n\n\n<p>\u201c<strong>Quienes operan en nuestras islas a espaldas del Gobierno argentino tendr\u00e1n que elegir entre una apuesta ilegal en un territorio disputado y una operaci\u00f3n rentable y segura en un pa\u00eds soberano con reglas claras y previsibilidad<\/strong>. No se pueden hacer las dos cosas\u201d, asegur\u00f3 el Presidente.<\/p>\n\n\n\n<p><strong>\u201cLas Malvinas son argentinas por historia y por derecho, no hay discusi\u00f3n al respecto\u201d,&nbsp;<\/strong>expres\u00f3 el mandatario nacional en el inicio de su mensaje.<\/p>\n\n\n\n<p>\u201cPor eso, no alcanza con sostener nuestro reclamo:&nbsp;<strong>el Estado argentino tiene la obligaci\u00f3n de utilizar todas las herramientas diplom\u00e1ticas, econ\u00f3micas, judiciales y legales disponibles para defender nuestra soberan\u00eda y nuestros recursos\u201d,<\/strong>&nbsp;indic\u00f3 el Presidente.<\/p>\n\n\n\n<p>A su entender, &#8220;eso exige leyes adecuadas, organismos del Estado coordinados y herramientas efectivas para avanzar en un objetivo que trasciende a cualquier gobierno\u201d.<\/p>\n\n\n\n<p>\u201cPor eso, no alcanza con sostener nuestro reclamo:&nbsp;<strong>el Estado argentino tiene la obligaci\u00f3n de utilizar todas las herramientas diplom\u00e1ticas, econ\u00f3micas, judiciales y legales disponibles para defender nuestra soberan\u00eda y nuestros recursos\u201d<\/strong>, subray\u00f3 Milei.<\/p>\n\n\n\n<p>En tanto,&nbsp;<strong>Milei lanz\u00f3 duras cr\u00edticas al Reino Unido<\/strong>&nbsp;y dijo que se encuentra en &#8220;un camino de declive&#8221;, mientras que la Argentina tiene un &#8220;futuro floreciente&#8221;.<\/p>\n\n\n\n<p><strong>\u201cEl Reino Unido recorre un camino de declive y el futuro de Argentina es floreciente\u201d,&nbsp;<\/strong>recalc\u00f3 en un mensaje emitido por cadena nacional, en el que hizo un llamado a los &#8220;amigos de la Argentina&#8221; a no &#8220;mirar para otro lado&#8221;.<\/p>\n\n\n\n<p><strong>&#8220;Les pedimos a quienes son amigos de la Argentina que no miren para otro lado cuando se vulnera la soberan\u00eda y se llevan nuestros recursos&#8221;,<\/strong>&nbsp;sostuvo Milei.<\/p>\n\n\n\n<p>Adem\u00e1s,<strong>&nbsp;agradeci\u00f3 a los Estados Unidos<\/strong>&nbsp;ydijo que en el pa\u00eds de Donald Trump &#8220;eval\u00faan el cambio de posici\u00f3n&#8221; respecto de Malvinas porque &#8220;saben que en la Argentina tienen un socio confiable&#8221;.<\/p>\n\n\n\n<p><strong>\u201cEstados Unidos est\u00e1 revaluando su posici\u00f3n hist\u00f3rica con relaci\u00f3n a Malvinas.<\/strong>&nbsp;Esta amenaza no es inocua. Los Estados Unidos eval\u00faan ese cambio de posici\u00f3n porque saben que en la Argentina tiene un socio confiable, alineado con los valores occidentales, en una posici\u00f3n de relevancia estrat\u00e9gica, que puede ser un aliado valioso en las d\u00e9cadas por venir\u201d, recalc\u00f3.<\/p>\n\n\n\n<p>Milei destac\u00f3 que durante los \u00faltimos tres a\u00f1os la Argentina entabl\u00f3 &#8220;lazos estrechos con pa\u00edses afines&#8221; con los cuales mantiene &#8220;una convergencia de intereses&#8221;.&nbsp;<\/p>\n\n\n\n<p><strong>&#8220;Ahora confiamos en que esos mismos aliados estar\u00e1n de nuestro lado en el reclamo leg\u00edtimo y pac\u00edfico que hoy impulsamos&#8221;,&nbsp;<\/strong>afirm\u00f3 el Presidente, y dijo que \u201cen el mundo corren vientos de cambio favorables\u201d al reclamo por la soberan\u00eda de las Islas Malvinas.<\/p>\n","protected":false},"excerpt":{"rendered":"<p>En cadena nacional, el Presidente ratific\u00f3 la soberan\u00eda de las Islas y lanz\u00f3 duras cr\u00edticas al Reino Unido. El presidente&nbsp;Javier Milei anunci\u00f3 este jueves sanciones para las empresas petroleras que&hellip; <\/p>\n","protected":false},"author":11,"featured_media":269887,"comment_status":"closed","ping_status":"open","sticky":false,"template":"","format":"standard","meta":{"footnotes":""},"categories":[26,10],"tags":[],"class_list":["post-269886","post","type-post","status-publish","format-standard","has-post-thumbnail","hentry","category-destacados","category-nacionales"],"_links":{"self":[{"href":"https:\/\/corrientesdetarde.com\/index.php\/wp-json\/wp\/v2\/posts\/269886","targetHints":{"allow":["GET"]}}],"collection":[{"href":"https:\/\/corrientesdetarde.com\/index.php\/wp-json\/wp\/v2\/posts"}],"about":[{"href":"https:\/\/corrientesdetarde.com\/index.php\/wp-json\/wp\/v2\/types\/post"}],"author":[{"embeddable":true,"href":"https:\/\/corrientesdetarde.com\/index.php\/wp-json\/wp\/v2\/users\/11"}],"replies":[{"embeddable":true,"href":"https:\/\/corrientesdetarde.com\/index.php\/wp-json\/wp\/v2\/comments?post=269886"}],"version-history":[{"count":1,"href":"https:\/\/corrientesdetarde.com\/index.php\/wp-json\/wp\/v2\/posts\/269886\/revisions"}],"predecessor-version":[{"id":269888,"href":"https:\/\/corrientesdetarde.com\/index.php\/wp-json\/wp\/v2\/posts\/269886\/revisions\/269888"}],"wp:featuredmedia":[{"embeddable":true,"href":"https:\/\/corrientesdetarde.com\/index.php\/wp-json\/wp\/v2\/media\/269887"}],"wp:attachment":[{"href":"https:\/\/corrientesdetarde.com\/index.php\/wp-json\/wp\/v2\/media?parent=269886"}],"wp:term":[{"taxonomy":"category","embeddable":true,"href":"https:\/\/corrientesdetarde.com\/index.php\/wp-json\/wp\/v2\/categories?post=269886"},{"taxonomy":"post_tag","embeddable":true,"href":"https:\/\/corrientesdetarde.com\/index.php\/wp-json\/wp\/v2\/tags?post=269886"}],"curies":[{"name":"wp","href":"https:\/\/api.w.org\/{rel}","templated":true}]}}