{"id":269889,"date":"2026-09-04T08:00:14","date_gmt":"2026-09-04T11:00:14","guid":{"rendered":"https:\/\/corrientesdetarde.com\/?p=269889"},"modified":"2026-09-04T08:00:19","modified_gmt":"2026-09-04T11:00:19","slug":"salud-y-seguridad-formalizaron-el-protocolo-de-actuacion-ante-casos-de-suicidio","status":"publish","type":"post","link":"https:\/\/corrientesdetarde.com\/index.php\/actualidad\/salud-y-seguridad-formalizaron-el-protocolo-de-actuacion-ante-casos-de-suicidio\/","title":{"rendered":"Salud y Seguridad formalizaron el protocolo de actuaci\u00f3n ante casos de suicidio"},"content":{"rendered":"\n<p><em>Los ministros Emilio Lanari y Ad\u00e1n Gaya firmaron un plan de acci\u00f3n para abordar situaciones de crisis en el puente &#8220;General Manuel Belgrano&#8221;. El protocolo&nbsp;detalla c\u00f3mo deben intervenir diferentes partes de las instituciones del Gobierno.&nbsp;<\/em><\/p>\n\n\n\n<p>Los ministros de Salud P\u00fablica, Emilio Lanari, y de Seguridad, Ad\u00e1n Gaya, firmaron este jueves un plan de acci\u00f3n para abordar casos de suicidio en el Puente interprovincial&nbsp;&#8220;General Manuel Belgrano&#8221;. El mismo, viene a formalizar una tarea que se est\u00e1 llevando a cabo desde diferentes \u00e1reas del Gobierno provincial y tambi\u00e9n en conjunto con un grupo de la sociedad civil.<\/p>\n\n\n\n<p>El objetivo del Protocolo de Intervenci\u00f3n y Asistencia a Personas con Conducta Suicida en el viaducto de la Capital, es establecer un procedimiento unificado, coordinado e interinstitucional de actuaci\u00f3n para la detecci\u00f3n, contenci\u00f3n, rescate, asistencia, evaluaci\u00f3n, traslado y derivaci\u00f3n. As\u00ed, se busca garantizar la preservaci\u00f3n de la vida, la atenci\u00f3n sanitaria inmediata y el estricto respeto de los derechos humanos en el marco de la Ley Nacional de Salud Mental N\u00b026.657.<\/p>\n\n\n\n<p>La aplicaci\u00f3n del mismo, debe realizar el personal dependiente o articulado de: voluntarios de la Organizaci\u00f3n No Gubernamental (ONG) &#8220;Los \u00c1ngeles del Puente&#8221;; personal de la Polic\u00eda; de la Direcci\u00f3n de Emergencias Sanitarias &#8211; DES 107; personal de los hospitales pedi\u00e1trico &#8220;Juan Pablo II&#8221;, de Salud Mental &#8220;San Francisco de As\u00eds, de Campa\u00f1a &#8220;Escuela Hogar&#8221;, y el Materno Neonatal &#8220;Elo\u00edsa Torrent de Vidal&#8221;.<\/p>\n\n\n\n<p><strong>Capacitaci\u00f3n<\/strong><\/p>\n\n\n\n<p>En junio inici\u00f3 un ciclo de capacitaci\u00f3n sobre protocolo de Intervenciones de Salud Mental en Situaciones de Crisis, al personal de la Polic\u00eda Vial, Tur\u00edstica y comisar\u00edas. El objetivo, fue brindar herramientas de primeros auxilios psicol\u00f3gicos a los profesionales que intervienen en primera instancia.<\/p>\n\n\n\n<p>Las jornadas, se realizaron para instruir sobre modalidades de trabajo entre Seguridad y personal de Salud para la intervenci\u00f3n en intentos de suicidio; ense\u00f1ar los conceptos de primeros auxilios psicol\u00f3gicos y su implementaci\u00f3n para el abordaje de personas en crisis de salud mental y, fomentar un espacio de escucha e intercambio de experiencias.<\/p>\n\n\n\n<p>Esto se realiz\u00f3 en el marco del protocolo que firmaron. El mismo, precisa que, las personas con intento de suicidio, deben ser derivadas, seg\u00fan las edades, a los hospitales &#8220;Juan Pablo II&#8221;, &#8220;San Francisco de As\u00eds&#8221; y al Campa\u00f1a. En caso de ser una mujer embarazada, al hospital Materno Neonatal &#8220;Elo\u00edsa Torrent de Vidal&#8221;.<\/p>\n\n\n\n<p>Cabe recordar que si una persona est\u00e1 atravesando una situaci\u00f3n de crisis o necesita&nbsp;ayuda inmediata, se encuentran disponibles los tel\u00e9fonos 107, 911 y 135.<\/p>\n","protected":false},"excerpt":{"rendered":"<p>Los ministros Emilio Lanari y Ad\u00e1n Gaya firmaron un plan de acci\u00f3n para abordar situaciones de crisis en el puente &#8220;General Manuel Belgrano&#8221;. El protocolo&nbsp;detalla c\u00f3mo deben intervenir diferentes partes&hellip; <\/p>\n","protected":false},"author":3,"featured_media":269898,"comment_status":"closed","ping_status":"open","sticky":false,"template":"","format":"standard","meta":{"footnotes":""},"categories":[23],"tags":[],"class_list":["post-269889","post","type-post","status-publish","format-standard","has-post-thumbnail","hentry","category-actualidad"],"_links":{"self":[{"href":"https:\/\/corrientesdetarde.com\/index.php\/wp-json\/wp\/v2\/posts\/269889","targetHints":{"allow":["GET"]}}],"collection":[{"href":"https:\/\/corrientesdetarde.com\/index.php\/wp-json\/wp\/v2\/posts"}],"about":[{"href":"https:\/\/corrientesdetarde.com\/index.php\/wp-json\/wp\/v2\/types\/post"}],"author":[{"embeddable":true,"href":"https:\/\/corrientesdetarde.com\/index.php\/wp-json\/wp\/v2\/users\/3"}],"replies":[{"embeddable":true,"href":"https:\/\/corrientesdetarde.com\/index.php\/wp-json\/wp\/v2\/comments?post=269889"}],"version-history":[{"count":1,"href":"https:\/\/corrientesdetarde.com\/index.php\/wp-json\/wp\/v2\/posts\/269889\/revisions"}],"predecessor-version":[{"id":269907,"href":"https:\/\/corrientesdetarde.com\/index.php\/wp-json\/wp\/v2\/posts\/269889\/revisions\/269907"}],"wp:featuredmedia":[{"embeddable":true,"href":"https:\/\/corrientesdetarde.com\/index.php\/wp-json\/wp\/v2\/media\/269898"}],"wp:attachment":[{"href":"https:\/\/corrientesdetarde.com\/index.php\/wp-json\/wp\/v2\/media?parent=269889"}],"wp:term":[{"taxonomy":"category","embeddable":true,"href":"https:\/\/corrientesdetarde.com\/index.php\/wp-json\/wp\/v2\/categories?post=269889"},{"taxonomy":"post_tag","embeddable":true,"href":"https:\/\/corrientesdetarde.com\/index.php\/wp-json\/wp\/v2\/tags?post=269889"}],"curies":[{"name":"wp","href":"https:\/\/api.w.org\/{rel}","templated":true}]}}