{"id":269895,"date":"2026-09-04T08:00:24","date_gmt":"2026-09-04T11:00:24","guid":{"rendered":"https:\/\/corrientesdetarde.com\/?p=269895"},"modified":"2026-09-04T08:00:26","modified_gmt":"2026-09-04T11:00:26","slug":"jp-valdes-confirmo-el-desdoblamiento-y-ratifico-su-rechazo-a-las-paso","status":"publish","type":"post","link":"https:\/\/corrientesdetarde.com\/index.php\/actualidad\/jp-valdes-confirmo-el-desdoblamiento-y-ratifico-su-rechazo-a-las-paso\/","title":{"rendered":"JP Vald\u00e9s confirm\u00f3 el desdoblamiento y ratific\u00f3 su rechazo a las PASO"},"content":{"rendered":"\n<p>El Gobernador ratific\u00f3 la postura de Corrientes contra las primarias, confirm\u00f3 que la provincia desdoblar\u00e1 sus elecciones y vincul\u00f3 la pol\u00edtica salarial a la recuperaci\u00f3n de la coparticipaci\u00f3n. Tambi\u00e9n habl\u00f3 de Naci\u00f3n, obras, inversiones y la agenda de Iguaz\u00fa.<\/p>\n\n\n\n<p>El gobernador Juan Pablo Vald\u00e9s aprovech\u00f3 la apertura del 4\u00b0 Congreso Ecotur\u00edstico del Litoral para repasar la agenda pol\u00edtica y econ\u00f3mica de Corrientes. Las PASO, el calendario electoral, la situaci\u00f3n de las cuentas provinciales, los salarios, la relaci\u00f3n con Naci\u00f3n, las inversiones y el desarrollo productivo estuvieron entre los principales temas abordados.<\/p>\n\n\n\n<p>La definici\u00f3n pol\u00edtica m\u00e1s contundente estuvo vinculada a las primarias. Consultado por la suspensi\u00f3n de las PASO en Chaco, Vald\u00e9s sostuvo que Corrientes no puede eliminarlas porque no tiene ese mecanismo electoral, aunque aclar\u00f3: &#8220;Si las eliminar\u00edamos tambi\u00e9n&#8221;. En el plano nacional, ratific\u00f3 que la posici\u00f3n de su espacio &#8220;sigue siendo la misma siempre&#8221; y afirm\u00f3: &#8220;Nosotros estamos a favor de la eliminaci\u00f3n de las PASO&#8221;.<\/p>\n\n\n\n<p>El gobernador justific\u00f3 la postura al considerar que se trata de una elecci\u00f3n innecesaria y que los partidos deber\u00edan poder acordar internamente qui\u00e9nes ser\u00e1n sus candidatos, como lo hace Vamos Corrientes.<\/p>\n\n\n\n<p>La definici\u00f3n se complement\u00f3 con una confirmaci\u00f3n sobre el calendario provincial: Corrientes volver\u00e1 a desdoblar sus elecciones. &#8220;Seguramente que nosotros vamos a desdoblar, no es una novedad, lo hicimos siempre&#8221;, afirm\u00f3, aunque evit\u00f3 anticipar la fecha y se\u00f1al\u00f3 que ser\u00e1 comunicada cuando est\u00e9 tomada la decisi\u00f3n.<\/p>\n\n\n\n<p>Respecto de la posibilidad de construir un tercer espacio frente a la polarizaci\u00f3n entre el kirchnerismo y La Libertad Avanza, Vald\u00e9s no descart\u00f3 alternativas. &#8220;Siempre hay lugar para m\u00e1s espacio&#8221;, sostuvo. Sin embargo, aclar\u00f3 que las conversaciones reci\u00e9n comienzan y que la prioridad actual contin\u00faa siendo la gesti\u00f3n.<\/p>\n\n\n\n<p>En ese escenario tambi\u00e9n ubic\u00f3 a la UCR, que tiene cinco gobernadores, cuatro de ellos con aspiraciones de reelecci\u00f3n. &#8220;Para nosotros es de principal necesidad reelegir nuestros bastiones&#8221;, remarc\u00f3 tras una reuni\u00f3n de mandatarios radicales en la que comenzaron a delinearse conversaciones sobre el futuro pol\u00edtico.<\/p>\n\n\n\n<h2 class=\"wp-block-heading\">Econom\u00eda y salarios<\/h2>\n\n\n\n<p>En materia econ\u00f3mica, Vald\u00e9s tom\u00f3 como referencia las proyecciones del Ministerio de Econom\u00eda nacional, que prev\u00e9n una leve recuperaci\u00f3n. &#8220;Esperemos que esta proyecci\u00f3n sea la correcta por el bien de todos los argentinos&#8221;, expres\u00f3, y vincul\u00f3 esa expectativa con la recuperaci\u00f3n de las provincias y la situaci\u00f3n de las familias que hoy tienen dificultades para llegar a fin de mes.<\/p>\n\n\n\n<p>El mandatario plante\u00f3 que el desaf\u00edo es que la eventual mejora de la macroeconom\u00eda se traslade a la econom\u00eda real: &#8220;Esperemos que con esta recuperaci\u00f3n la macroeconom\u00eda empiece a volcar un poco de lo bien que le est\u00e1 yendo a la microeconom\u00eda&#8221;.<\/p>\n\n\n\n<p>Sobre las cuentas provinciales, asegur\u00f3 que Corrientes trabaja en equilibrio, con un peque\u00f1o super\u00e1vit que ubic\u00f3 &#8220;arriba de cuatro o cinco puntos&#8221;, y que el objetivo es sostenerlo hasta el cierre del a\u00f1o.<\/p>\n\n\n\n<p>En pol\u00edtica salarial ratific\u00f3 la estrategia provincial de acompa\u00f1ar la inflaci\u00f3n. &#8220;Siempre va a ser esa la postura y siempre vamos a trabajar para tratar de acompa\u00f1ar los \u00edndices de inflaci\u00f3n&#8221;, se\u00f1al\u00f3, con el objetivo de evitar que los trabajadores estatales pierdan poder adquisitivo.<\/p>\n\n\n\n<p>Ante la posibilidad de nuevos anuncios, vincul\u00f3 cualquier decisi\u00f3n a una eventual recuperaci\u00f3n de la coparticipaci\u00f3n. Dijo que contar con mayores recursos permitir\u00eda tener &#8220;un mejor panorama&#8221; y realizar un anuncio certero sobre montos y efectos.<\/p>\n\n\n\n<h2 class=\"wp-block-heading\">La agenda con Naci\u00f3n<\/h2>\n\n\n\n<p>La relaci\u00f3n con el Gobierno nacional tambi\u00e9n estuvo presente. Vald\u00e9s se\u00f1al\u00f3 que Corrientes trabaja con sus senadores y con el presidente del bloque radical, Eduardo &#8220;Peteco&#8221; Vischi, para acelerar el tratamiento de una modificaci\u00f3n de la Carta Org\u00e1nica del Banco Central. Tambi\u00e9n destac\u00f3 gestiones ante Patricia Bullrich y estim\u00f3 que el proyecto podr\u00eda tener dictamen y ser tratado en alrededor de 15 d\u00edas.<\/p>\n\n\n\n<p>En ese marco, volvi\u00f3 a mencionar la cuesti\u00f3n de la zona fr\u00eda, que contin\u00faa pendiente, y destac\u00f3 la sinton\u00eda con el senador Carlos &#8220;Camau&#8221; Esp\u00ednola. &#8220;A todos les pedimos una mano&#8221;, sostuvo, al considerar que se trata de una ley transversal a los partidos pol\u00edticos.<\/p>\n\n\n\n<p>Otro frente de negociaci\u00f3n es el corredor Belgrano. Vald\u00e9s confirm\u00f3 que la semana pr\u00f3xima est\u00e1 prevista una primera reuni\u00f3n con el concesionario para avanzar en la integraci\u00f3n del corredor con la avenida 3 de Abril.<\/p>\n\n\n\n<h2 class=\"wp-block-heading\">Producci\u00f3n, inversiones y turismo<\/h2>\n\n\n\n<p>Vald\u00e9s calific\u00f3 como &#8220;un hecho hist\u00f3rico&#8221; el movimiento registrado en el puerto de Corrientes con el ingreso de maquinaria para una planta de madera contralaminada (CLT). La industria ser\u00e1 la primera de este tipo en el pa\u00eds y producir\u00e1 materiales para viviendas, muebles y molduras.<\/p>\n\n\n\n<p>De cara a la cumbre de Iguaz\u00fa, adelant\u00f3 que Corrientes presentar\u00e1 su potencial forestal, arrocero y ganadero, adem\u00e1s de su marco legal para inversiones, incentivos fiscales para industrializar materia prima y una red de 18 parques industriales en b\u00fasqueda de empresas y socios estrat\u00e9gicos.<\/p>\n\n\n\n<p>Tambi\u00e9n confirm\u00f3 que se presentar\u00e1 el Plan Ma\u00edz y que se buscar\u00e1n inversiones forestales de Misiones y Brasil.<\/p>\n","protected":false},"excerpt":{"rendered":"<p>El Gobernador ratific\u00f3 la postura de Corrientes contra las primarias, confirm\u00f3 que la provincia desdoblar\u00e1 sus elecciones y vincul\u00f3 la pol\u00edtica salarial a la recuperaci\u00f3n de la coparticipaci\u00f3n. Tambi\u00e9n habl\u00f3&hellip; <\/p>\n","protected":false},"author":3,"featured_media":269901,"comment_status":"closed","ping_status":"open","sticky":false,"template":"","format":"standard","meta":{"footnotes":""},"categories":[23],"tags":[],"class_list":["post-269895","post","type-post","status-publish","format-standard","has-post-thumbnail","hentry","category-actualidad"],"_links":{"self":[{"href":"https:\/\/corrientesdetarde.com\/index.php\/wp-json\/wp\/v2\/posts\/269895","targetHints":{"allow":["GET"]}}],"collection":[{"href":"https:\/\/corrientesdetarde.com\/index.php\/wp-json\/wp\/v2\/posts"}],"about":[{"href":"https:\/\/corrientesdetarde.com\/index.php\/wp-json\/wp\/v2\/types\/post"}],"author":[{"embeddable":true,"href":"https:\/\/corrientesdetarde.com\/index.php\/wp-json\/wp\/v2\/users\/3"}],"replies":[{"embeddable":true,"href":"https:\/\/corrientesdetarde.com\/index.php\/wp-json\/wp\/v2\/comments?post=269895"}],"version-history":[{"count":1,"href":"https:\/\/corrientesdetarde.com\/index.php\/wp-json\/wp\/v2\/posts\/269895\/revisions"}],"predecessor-version":[{"id":269910,"href":"https:\/\/corrientesdetarde.com\/index.php\/wp-json\/wp\/v2\/posts\/269895\/revisions\/269910"}],"wp:featuredmedia":[{"embeddable":true,"href":"https:\/\/corrientesdetarde.com\/index.php\/wp-json\/wp\/v2\/media\/269901"}],"wp:attachment":[{"href":"https:\/\/corrientesdetarde.com\/index.php\/wp-json\/wp\/v2\/media?parent=269895"}],"wp:term":[{"taxonomy":"category","embeddable":true,"href":"https:\/\/corrientesdetarde.com\/index.php\/wp-json\/wp\/v2\/categories?post=269895"},{"taxonomy":"post_tag","embeddable":true,"href":"https:\/\/corrientesdetarde.com\/index.php\/wp-json\/wp\/v2\/tags?post=269895"}],"curies":[{"name":"wp","href":"https:\/\/api.w.org\/{rel}","templated":true}]}}