{"id":269903,"date":"2026-09-04T09:00:45","date_gmt":"2026-09-04T12:00:45","guid":{"rendered":"https:\/\/corrientesdetarde.com\/?p=269903"},"modified":"2026-09-04T09:00:47","modified_gmt":"2026-09-04T12:00:47","slug":"gustavo-valdes-reunio-a-los-azules-y-llamo-a-fortalecer-vamos-corrientes","status":"publish","type":"post","link":"https:\/\/corrientesdetarde.com\/index.php\/informacion-general\/gustavo-valdes-reunio-a-los-azules-y-llamo-a-fortalecer-vamos-corrientes\/","title":{"rendered":"Gustavo Vald\u00e9s reuni\u00f3 a los &#8220;Azules&#8221; y llam\u00f3 a fortalecer Vamos Corrientes"},"content":{"rendered":"\n<p>El exgobernador y presidente de la UCR Corrientes encabez\u00f3 en Bella Vista un encuentro que reuni\u00f3 a dirigentes de distintos puntos de la provincia. Emilio Lanari ratific\u00f3 la pertenencia del espacio a Vamos Corrientes y anticip\u00f3 nuevas convocatorias.<\/p>\n\n\n\n<p>La reuni\u00f3n de los &#8220;Azules&#8221; en Bella Vista tuvo este mi\u00e9rcoles una lectura que excedi\u00f3 el reencuentro de dirigentes partidarios de un sector espec\u00edfico. La presencia de Gustavo Vald\u00e9s, exgobernador, actual senador provincial y presidente de la UCR Corrientes, le dio al encuentro de ex ELI un contenido pol\u00edtico de proyecci\u00f3n provincial: consolidar un espacio dentro de Vamos Corrientes y comenzar a ordenar una estructura con la mirada puesta en las elecciones de 2027.<\/p>\n\n\n\n<p>El encuentro, impulsado por la agrupaci\u00f3n Vamos los Azules, que encabeza Emilio Lanari, reuni\u00f3 a referentes de Bella Vista, Goya, It\u00e1 Ibat\u00e9, Ituzaing\u00f3, Capital, Saladas, San Roque y 3 de Abril. Entre otros, participaron Walter Ch\u00e1vez, Noelia Bazzi, Ana Am\u00e9ndola, Piki Salvarredy, Mart\u00edn Vera, Jorge Sladek, Jos\u00e9 Sand y Marcelo Quintana.<\/p>\n\n\n\n<p>La presencia de Vald\u00e9s funcion\u00f3 como una se\u00f1al de respaldo al sector y como una ratificaci\u00f3n de su pertenencia al oficialismo. Lanari sostuvo que el acompa\u00f1amiento del exgobernador &#8220;es muy importante porque de alguna manera est\u00e1 ratificando esa pertenencia a la lista 46, o Vamos Corrientes, que es lo que a nosotros nos interesa&#8221;.<\/p>\n\n\n\n<figure class=\"wp-block-image\"><img decoding=\"async\" src=\"https:\/\/www.diarioepoca.com\/content\/bucket\/3\/1507033w380h230c.jpg.webp\" alt=\"\"\/><figcaption class=\"wp-element-caption\">EL ENCUENTRO EN BELLA VISTA MOVI\u00d3 EL ESCENARIO POL\u00cdTICO PARTIDARIO LOCAL.<\/figcaption><\/figure>\n\n\n\n<p>La definici\u00f3n adquiere relevancia frente al escenario electoral que comienza a delinearse. Corrientes tendr\u00e1 en 2027 elecciones presidenciales, pero tambi\u00e9n renovar\u00e1 legisladores nacionales, provinciales y concejales. En ese tablero, la capacidad de Vamos Corrientes para mantener cohesionados a sus distintos sectores ser\u00e1 un factor central.<\/p>\n\n\n\n<p>Durante su discurso, Vald\u00e9s plante\u00f3 la necesidad de preservar la unidad por encima de las aspiraciones individuales. &#8220;Tenemos el acompa\u00f1amiento de los correntinos y eso nos obliga a trabajar cada vez m\u00e1s, con seriedad y compromiso&#8221;, sostuvo.<\/p>\n\n\n\n<p>Luego dej\u00f3 una definici\u00f3n de fuerte contenido pol\u00edtico interno: &#8220;Este proyecto es mucho m\u00e1s importante que el proyecto de una sola persona&#8221;. El mensaje apunt\u00f3 a reivindicar a Vamos Corrientes como una construcci\u00f3n colectiva y a fortalecer la unidad frente a eventuales proyectos individuales.<\/p>\n\n\n\n<p>El exmandatario tambi\u00e9n defendi\u00f3 el federalismo y la necesidad de que Corrientes plantee sus intereses ante la Naci\u00f3n. Reivindic\u00f3 adem\u00e1s el equilibrio fiscal de la provincia como una base para sostener inversiones, infraestructura y pol\u00edticas de desarrollo.<\/p>\n\n\n\n<p>Pero ubic\u00f3 en el empleo uno de los principales desaf\u00edos de la pr\u00f3xima etapa. &#8220;Tenemos que generar puestos de trabajo, porque nuestra gente quiere trabajar, quiere progresar y quiere tener oportunidades en su propia provincia&#8221;, afirm\u00f3.<\/p>\n\n\n\n<p>El cierre mantuvo ese tono: &#8220;Tenemos futuro. Tenemos que seguir trabajando juntos para lograr que Corrientes se desarrolle, siga creciendo y genere cada vez m\u00e1s oportunidades para todos los correntinos&#8221;.<\/p>\n\n\n\n<p>Lanari explic\u00f3 que la reuni\u00f3n fue resultado de un proceso iniciado despu\u00e9s del Bicentenario de Bella Vista, cuando un grupo de dirigentes y amigos comenz\u00f3 a reencontrarse a partir de una &#8220;ra\u00edz com\u00fan&#8221; y de haber acompa\u00f1ado &#8220;pr\u00e1cticamente la lista 46&#8221;, la gesti\u00f3n de Gustavo Vald\u00e9s y la candidatura y actual gobierno de Juan Pablo Vald\u00e9s.<\/p>\n\n\n\n<p>El espacio, seg\u00fan aclar\u00f3, no busca por ahora constituirse como un sello partidario propio. &#8220;Nosotros hasta este momento no hablamos nunca de sello partidario. Siempre hablamos de participar en Vamos Corrientes&#8221;, se\u00f1al\u00f3. La denominaci\u00f3n &#8220;Vamos Corrientes Azules&#8221;, explic\u00f3, responde a la identidad y tradici\u00f3n del sector, pero dentro de &#8220;un proyecto pol\u00edtico y de crecimiento para Corrientes&#8221; que consideran &#8220;claramente encarnado en Vamos Corrientes&#8221;.<\/p>\n\n\n\n<p>La pr\u00f3xima etapa ya tiene una agenda. Lanari anticip\u00f3 una reuni\u00f3n exclusivamente de Capital &#8220;a fines de octubre, principios de noviembre&#8221;. Adem\u00e1s, revel\u00f3 que durante el encuentro Vald\u00e9s propuso una convocatoria amplia de todo Vamos Corrientes.<\/p>\n\n\n\n<p>&#8220;De parte de Gustavo surgi\u00f3 la idea de hacer una convocatoria grande, que no s\u00e9 si ser\u00e1 este a\u00f1o o a principios del que viene de todo Vamos Corrientes&#8221;, cont\u00f3. Y remarc\u00f3: &#8220;Eso va a ser una organizaci\u00f3n global de todos los que apoyamos esta l\u00ednea de trabajo&#8221;.<\/p>\n","protected":false},"excerpt":{"rendered":"<p>El exgobernador y presidente de la UCR Corrientes encabez\u00f3 en Bella Vista un encuentro que reuni\u00f3 a dirigentes de distintos puntos de la provincia. Emilio Lanari ratific\u00f3 la pertenencia del&hellip; <\/p>\n","protected":false},"author":3,"featured_media":0,"comment_status":"closed","ping_status":"open","sticky":false,"template":"","format":"standard","meta":{"footnotes":""},"categories":[1],"tags":[],"class_list":["post-269903","post","type-post","status-publish","format-standard","hentry","category-informacion-general"],"_links":{"self":[{"href":"https:\/\/corrientesdetarde.com\/index.php\/wp-json\/wp\/v2\/posts\/269903","targetHints":{"allow":["GET"]}}],"collection":[{"href":"https:\/\/corrientesdetarde.com\/index.php\/wp-json\/wp\/v2\/posts"}],"about":[{"href":"https:\/\/corrientesdetarde.com\/index.php\/wp-json\/wp\/v2\/types\/post"}],"author":[{"embeddable":true,"href":"https:\/\/corrientesdetarde.com\/index.php\/wp-json\/wp\/v2\/users\/3"}],"replies":[{"embeddable":true,"href":"https:\/\/corrientesdetarde.com\/index.php\/wp-json\/wp\/v2\/comments?post=269903"}],"version-history":[{"count":1,"href":"https:\/\/corrientesdetarde.com\/index.php\/wp-json\/wp\/v2\/posts\/269903\/revisions"}],"predecessor-version":[{"id":269939,"href":"https:\/\/corrientesdetarde.com\/index.php\/wp-json\/wp\/v2\/posts\/269903\/revisions\/269939"}],"wp:attachment":[{"href":"https:\/\/corrientesdetarde.com\/index.php\/wp-json\/wp\/v2\/media?parent=269903"}],"wp:term":[{"taxonomy":"category","embeddable":true,"href":"https:\/\/corrientesdetarde.com\/index.php\/wp-json\/wp\/v2\/categories?post=269903"},{"taxonomy":"post_tag","embeddable":true,"href":"https:\/\/corrientesdetarde.com\/index.php\/wp-json\/wp\/v2\/tags?post=269903"}],"curies":[{"name":"wp","href":"https:\/\/api.w.org\/{rel}","templated":true}]}}