{"id":269906,"date":"2026-09-04T09:00:42","date_gmt":"2026-09-04T12:00:42","guid":{"rendered":"https:\/\/corrientesdetarde.com\/?p=269906"},"modified":"2026-09-04T09:00:44","modified_gmt":"2026-09-04T12:00:44","slug":"la-respuesta-de-reino-unido-a-los-anuncios-de-milei-en-cadena-nacional-sobre-malvinas","status":"publish","type":"post","link":"https:\/\/corrientesdetarde.com\/index.php\/politica\/la-respuesta-de-reino-unido-a-los-anuncios-de-milei-en-cadena-nacional-sobre-malvinas\/","title":{"rendered":"La respuesta de Reino Unido a los anuncios de Milei en cadena nacional sobre Malvinas"},"content":{"rendered":"\n<p>Lo hizo el secretario de Defensa del Reino Unido, Wes Streeting, apunt\u00f3 contra Milei tras su mensaje por cadena nacional.<\/p>\n\n\n\n<p>El Gobierno del Reino Unido sali\u00f3 al cruce de las declaraciones del presidente Javier Milei sobre las Islas Malvinas luego de la cadena nacional.<\/p>\n\n\n\n<p>El secretario de Defensa del Reino Unido,&nbsp;<strong>Wes Streeting, asegur\u00f3 este viernes que el archipi\u00e9lago &#8220;es brit\u00e1nico&#8221;&nbsp;<\/strong>y&nbsp;<strong>garantiz\u00f3 que la postura de Londres en la defensa de ese territorio se mantiene con car\u00e1cter &#8220;absoluto e inquebrantable&#8221;<\/strong>.<\/p>\n\n\n\n<p>&#8220;Las Malvinas son brit\u00e1nicas porque los habitantes de las Malvinas eligen ser brit\u00e1nicos&#8221;, escribi\u00f3 Streeting en su cuenta oficial de X.&nbsp;<\/p>\n\n\n\n<p>Adem\u00e1s, cuestion\u00f3 la acci\u00f3n de Milei al sostener que sus anuncios &#8220;<strong>dicen m\u00e1s sobre la pol\u00edtica interna de la Argentina que sobre las islas<\/strong>&#8220;.<\/p>\n\n\n\n<p>Por su parte,&nbsp;el ministro de Asuntos Exteriores,&nbsp;<strong>Ed Miliband<\/strong>, opt\u00f3 tambi\u00e9n por un mensaje en redes oficiales: &#8220;La posici\u00f3n del Reino Unido sobre las Islas Malvinas es&nbsp;<strong>inquebrantable&#8221;<\/strong><\/p>\n\n\n\n<p><strong>&#8220;<\/strong>Las islas son brit\u00e1nicas y seguir\u00e1n si\u00e9ndolo porque esa es la posici\u00f3n abrumadora de los isle\u00f1os&#8221;, sentenci\u00f3.&nbsp;<\/p>\n","protected":false},"excerpt":{"rendered":"<p>Lo hizo el secretario de Defensa del Reino Unido, Wes Streeting, apunt\u00f3 contra Milei tras su mensaje por cadena nacional. El Gobierno del Reino Unido sali\u00f3 al cruce de las&hellip; <\/p>\n","protected":false},"author":3,"featured_media":269916,"comment_status":"closed","ping_status":"open","sticky":false,"template":"","format":"standard","meta":{"footnotes":""},"categories":[3],"tags":[],"class_list":["post-269906","post","type-post","status-publish","format-standard","has-post-thumbnail","hentry","category-politica"],"_links":{"self":[{"href":"https:\/\/corrientesdetarde.com\/index.php\/wp-json\/wp\/v2\/posts\/269906","targetHints":{"allow":["GET"]}}],"collection":[{"href":"https:\/\/corrientesdetarde.com\/index.php\/wp-json\/wp\/v2\/posts"}],"about":[{"href":"https:\/\/corrientesdetarde.com\/index.php\/wp-json\/wp\/v2\/types\/post"}],"author":[{"embeddable":true,"href":"https:\/\/corrientesdetarde.com\/index.php\/wp-json\/wp\/v2\/users\/3"}],"replies":[{"embeddable":true,"href":"https:\/\/corrientesdetarde.com\/index.php\/wp-json\/wp\/v2\/comments?post=269906"}],"version-history":[{"count":1,"href":"https:\/\/corrientesdetarde.com\/index.php\/wp-json\/wp\/v2\/posts\/269906\/revisions"}],"predecessor-version":[{"id":269938,"href":"https:\/\/corrientesdetarde.com\/index.php\/wp-json\/wp\/v2\/posts\/269906\/revisions\/269938"}],"wp:featuredmedia":[{"embeddable":true,"href":"https:\/\/corrientesdetarde.com\/index.php\/wp-json\/wp\/v2\/media\/269916"}],"wp:attachment":[{"href":"https:\/\/corrientesdetarde.com\/index.php\/wp-json\/wp\/v2\/media?parent=269906"}],"wp:term":[{"taxonomy":"category","embeddable":true,"href":"https:\/\/corrientesdetarde.com\/index.php\/wp-json\/wp\/v2\/categories?post=269906"},{"taxonomy":"post_tag","embeddable":true,"href":"https:\/\/corrientesdetarde.com\/index.php\/wp-json\/wp\/v2\/tags?post=269906"}],"curies":[{"name":"wp","href":"https:\/\/api.w.org\/{rel}","templated":true}]}}