{"id":269912,"date":"2026-09-04T09:00:49","date_gmt":"2026-09-04T12:00:49","guid":{"rendered":"https:\/\/corrientesdetarde.com\/?p=269912"},"modified":"2026-09-04T09:00:51","modified_gmt":"2026-09-04T12:00:51","slug":"prision-preventiva-para-cuatreros-que-enfrentaron-a-tiros-a-policias","status":"publish","type":"post","link":"https:\/\/corrientesdetarde.com\/index.php\/policiales\/prision-preventiva-para-cuatreros-que-enfrentaron-a-tiros-a-policias\/","title":{"rendered":"Prisi\u00f3n preventiva para cuatreros que enfrentaron a tiros a polic\u00edas"},"content":{"rendered":"\n<p>La Justicia dispuso como medida inicial la detenci\u00f3n durante seis meses para dos hombres de nacionalidad paraguaya. Ambos participaron del intento de robo de cuatro vacunos cerca de Isla Apip\u00e9. Luego, al ser descubiertos, dispararon contra una patrulla.<\/p>\n\n\n\n<p>Los dos hombres de nacionalidad paraguaya detenidos en medio de un tiroteo con la Polic\u00eda de Corrientes, al ser descubiertos tratando de robar animales vacunos en la localidad de Ituzaing\u00f3, cerca de la Represa de Yacyret\u00e1, permanecer\u00e1n bajo prisi\u00f3n preventiva a lo largo de seis meses.<\/p>\n\n\n\n<p>La medida catalogada como hist\u00f3rica para este tipo de casos fue dispuesta en una audiencia de coerci\u00f3n en la que el Juzgado de Garant\u00edas local, a solicitud de la Unidad Fiscal a cargo de Eugenio Balbastro.<\/p>\n\n\n\n<p>De esta manera, los delincuentes rurales identificados como Carlos Franco Quiroz, de 27 a\u00f1os, y Juan Luj\u00e1n M\u00e9ndez, de 37, ambos oriundos de la localidad de Ayolas, quedar\u00e1n tras las rejas hasta finales de febrero de 2027.<\/p>\n\n\n\n<p>La causa en la que est\u00e1n imputados fue caratulada como &#8220;abigeato agravado en grado de tentativa&#8221;.<\/p>\n\n\n\n<p>De acuerdo a la informaci\u00f3n conocida por diario \u00e9poca, en principio los extranjeros continuaban alojados en una celda de la comisar\u00eda seccional Primera.<\/p>\n\n\n\n<p>Mientras la pesquisa se encuentra en plena etapa inicial habr\u00eda ocurrido una segunda incursi\u00f3n de cuatreros paraguayos en la zona y con intenciones de llevarse ganado de un establecimiento privado (ver aparte).<\/p>\n\n\n\n<figure class=\"wp-block-image\"><img decoding=\"async\" src=\"https:\/\/www.diarioepoca.com\/content\/bucket\/4\/1507054w380h269c.jpg.webp\" alt=\"\"\/><figcaption class=\"wp-element-caption\">LOS IMPUTADOS SEGUIR\u00c1N DETENIDOS HASTA FEBRERO DEL A\u00d1O QUE VIENE.<\/figcaption><\/figure>\n\n\n\n<p>El tiroteo entre efectivos de la Unidad Especial de Seguridad Rural y Ecol\u00f3gica (UESRE) y una banda de maleantes sucedi\u00f3 en la noche del jueves 27 de agosto.<\/p>\n\n\n\n<p>Una patrulla detect\u00f3 a dos embarcaciones con varias personas en actitud sospechosa sobre la costa del r\u00edo Paran\u00e1 en el \u00e1rea de Reserva Natural &#8220;La Mosca&#8221;.<\/p>\n\n\n\n<h2 class=\"wp-block-heading\">Persecuci\u00f3n<\/h2>\n\n\n\n<p>Apenas advirtieron la presencia policial, el grupo de sujetos emprendi\u00f3 la fuga sobre ambas lanchas en direcci\u00f3n a la Isla Apip\u00e9 Grande y comenz\u00f3 una persecuci\u00f3n.<\/p>\n\n\n\n<p>Durante el seguimiento, seg\u00fan el informe policial, desde una de las embarcaciones efectuaron disparos contra los efectivos y \u00e9stos respondieron con detonaciones de escopetas con postas de goma.<\/p>\n\n\n\n<p>Finalmente, una de las lanchas fue alcanzada a la altura del puerto San Antonio y all\u00ed fueron detenidos Quiroz y M\u00e9ndez, ambos domiciliados en Ayolas, localidad paraguaya ubicada a pocos kil\u00f3metros.<\/p>\n\n\n\n<p>En el procedimiento secuestraron una embarcaci\u00f3n de fibra de vidrio con motor Yamaha Enduro de 40 HP, adem\u00e1s de lazos, cuchillos, un machete, una linterna y pinzas.<\/p>\n\n\n\n<p>Posteriormente, al regresar al sector donde hab\u00edan sido vistas estas personas encontraron a dos vaquillas, un novillo y una ternera atados con sogas, preparados para ser sustra\u00eddos.<\/p>\n\n\n\n<p>La decisi\u00f3n de la Justicia de dictar la prisi\u00f3n preventiva de los dos cuatreros capturados representa un avance importante, en una causa que volvi\u00f3 a poner en primer plano la problem\u00e1tica del abigeato en zona de frontera, debido a las incursiones delictivas sobre establecimientos ganaderos ubicados en la costa correntina del r\u00edo Paran\u00e1.<\/p>\n","protected":false},"excerpt":{"rendered":"<p>La Justicia dispuso como medida inicial la detenci\u00f3n durante seis meses para dos hombres de nacionalidad paraguaya. Ambos participaron del intento de robo de cuatro vacunos cerca de Isla Apip\u00e9.&hellip; <\/p>\n","protected":false},"author":3,"featured_media":269918,"comment_status":"closed","ping_status":"open","sticky":false,"template":"","format":"standard","meta":{"footnotes":""},"categories":[33],"tags":[],"class_list":["post-269912","post","type-post","status-publish","format-standard","has-post-thumbnail","hentry","category-policiales"],"_links":{"self":[{"href":"https:\/\/corrientesdetarde.com\/index.php\/wp-json\/wp\/v2\/posts\/269912","targetHints":{"allow":["GET"]}}],"collection":[{"href":"https:\/\/corrientesdetarde.com\/index.php\/wp-json\/wp\/v2\/posts"}],"about":[{"href":"https:\/\/corrientesdetarde.com\/index.php\/wp-json\/wp\/v2\/types\/post"}],"author":[{"embeddable":true,"href":"https:\/\/corrientesdetarde.com\/index.php\/wp-json\/wp\/v2\/users\/3"}],"replies":[{"embeddable":true,"href":"https:\/\/corrientesdetarde.com\/index.php\/wp-json\/wp\/v2\/comments?post=269912"}],"version-history":[{"count":1,"href":"https:\/\/corrientesdetarde.com\/index.php\/wp-json\/wp\/v2\/posts\/269912\/revisions"}],"predecessor-version":[{"id":269942,"href":"https:\/\/corrientesdetarde.com\/index.php\/wp-json\/wp\/v2\/posts\/269912\/revisions\/269942"}],"wp:featuredmedia":[{"embeddable":true,"href":"https:\/\/corrientesdetarde.com\/index.php\/wp-json\/wp\/v2\/media\/269918"}],"wp:attachment":[{"href":"https:\/\/corrientesdetarde.com\/index.php\/wp-json\/wp\/v2\/media?parent=269912"}],"wp:term":[{"taxonomy":"category","embeddable":true,"href":"https:\/\/corrientesdetarde.com\/index.php\/wp-json\/wp\/v2\/categories?post=269912"},{"taxonomy":"post_tag","embeddable":true,"href":"https:\/\/corrientesdetarde.com\/index.php\/wp-json\/wp\/v2\/tags?post=269912"}],"curies":[{"name":"wp","href":"https:\/\/api.w.org\/{rel}","templated":true}]}}