{"id":269914,"date":"2026-09-04T09:00:47","date_gmt":"2026-09-04T12:00:47","guid":{"rendered":"https:\/\/corrientesdetarde.com\/?p=269914"},"modified":"2026-09-04T09:00:49","modified_gmt":"2026-09-04T12:00:49","slug":"abogado-de-la-familia-de-cecilia-lazcano-pidio-anular-la-prision-domiciliaria-de-la-imputada","status":"publish","type":"post","link":"https:\/\/corrientesdetarde.com\/index.php\/policiales\/abogado-de-la-familia-de-cecilia-lazcano-pidio-anular-la-prision-domiciliaria-de-la-imputada\/","title":{"rendered":"Abogado de la familia de Cecilia Lazcano pidi\u00f3 anular la prisi\u00f3n domiciliaria de la imputada"},"content":{"rendered":"\n<p>El doctor Juan Saucedo, abogado de la familia de Cecilia Lazcano que fue asesinada en Alvear, cuestion\u00f3 la decisi\u00f3n judicial, denunci\u00f3 irregularidades procesales y reclam\u00f3 que se investigue la posible participaci\u00f3n de una tercera persona en el crimen.<\/p>\n\n\n\n<p>El abogado de la familia de Cecilia Lazcano, doctor Saucedo, cuestion\u00f3 la decisi\u00f3n de otorgar prisi\u00f3n domiciliaria a una de las menores imputadas por el homicidio y anunci\u00f3 que la querella solicit\u00f3 nuevamente la nulidad de la resoluci\u00f3n.<\/p>\n\n\n\n<p>Seg\u00fan explic\u00f3 el letrado, el Tribunal de Revisi\u00f3n ya hab\u00eda declarado la nulidad de una resoluci\u00f3n anterior, dictada el 28 de agosto, mediante la cual se hab\u00edan establecido pautas de conducta para la menor, entre ellas continuar escolarizada y realizar tratamiento psicol\u00f3gico.<\/p>\n\n\n\n<p>Saucedo sostuvo que esas medidas no resultaban suficientes para proteger la investigaci\u00f3n, debido a que la imputada pod\u00eda movilizarse por la ciudad de Santo Tom\u00e9 y no exist\u00edan mecanismos claros para controlar que no tuviera contacto con testigos.<\/p>\n\n\n\n<p>&#8220;Las pautas que necesit\u00e1bamos que se establecieran para proteger la investigaci\u00f3n no fueron realmente ponderadas&#8221;, afirm\u00f3.<\/p>\n\n\n\n<h3 class=\"wp-block-heading\">Cuestionamientos a la nueva audiencia<\/h3>\n\n\n\n<p>El abogado se\u00f1al\u00f3 que, tras la nulidad de la primera resoluci\u00f3n, se realiz\u00f3 una nueva audiencia en la que se dispuso la prisi\u00f3n domiciliaria de la menor. Sin embargo, consider\u00f3 que la jueza habr\u00eda resuelto la situaci\u00f3n sin escuchar previamente a todas las partes.<\/p>\n\n\n\n<p>&#8220;Lejos de escuchar a las partes, ya ten\u00eda la resoluci\u00f3n tomada. Es como si estuvi\u00e9ramos en un proceso escrito&#8221;, cuestion\u00f3.<\/p>\n\n\n\n<p>En ese sentido, sostuvo que el sistema procesal vigente en Corrientes es oral y adversarial, por lo que, antes de resolver, la jueza deb\u00eda escuchar al fiscal, a la defensa y a la querella.<\/p>\n\n\n\n<p>&#8220;Solicitamos nuevamente la nulidad porque no se escuch\u00f3 a la parte querellante, que representa a las v\u00edctimas; tampoco al fiscal ni a la defensa&#8221;, manifest\u00f3 Saucedo.<\/p>\n\n\n\n<p>La menor est\u00e1 imputada, seg\u00fan indic\u00f3 el abogado, como presunta coautora de un homicidio agravado por ensa\u00f1amiento y por la participaci\u00f3n de dos o m\u00e1s personas.<\/p>\n\n\n\n<h3 class=\"wp-block-heading\">Nuevas pruebas y testimonios<\/h3>\n\n\n\n<p>Durante la entrevista, el representante de la familia tambi\u00e9n se refiri\u00f3 a las pruebas incorporadas a la causa. Entre ellas mencion\u00f3 informes psicol\u00f3gicos y psiqui\u00e1tricos, el an\u00e1lisis de la informaci\u00f3n extra\u00edda de tel\u00e9fonos celulares, videos, fotograf\u00edas, el informe de autopsia y declaraciones testimoniales.<\/p>\n\n\n\n<p>Adem\u00e1s, confirm\u00f3 que se recibi\u00f3 una declaraci\u00f3n mediante C\u00e1mara Gesell a una menor de edad que era amiga de Cecilia y que habr\u00eda compartido parte de la noche con ella.<\/p>\n\n\n\n<p>&#8220;De esa declaraci\u00f3n surgen nuevos testigos para convocar, as\u00ed que todav\u00eda hay trabajo por delante&#8221;, explic\u00f3.<\/p>\n\n\n\n<p>El abogado agreg\u00f3 que continuar\u00e1n las declaraciones testimoniales, tanto de menores como de adultos, y que la querella insiste en profundizar la investigaci\u00f3n sobre la posible participaci\u00f3n de una tercera persona.<\/p>\n\n\n\n<h3 class=\"wp-block-heading\">Reclamo por un trato diferente<\/h3>\n\n\n\n<p>Saucedo tambi\u00e9n cuestion\u00f3 que la menor imputada cumpla la medida en su domicilio, mientras que otro imputado, se\u00f1alado como su novio, permanece alojado en un centro de contenci\u00f3n juvenil.<\/p>\n\n\n\n<p>&#8220;No s\u00e9 si hay protecci\u00f3n, pero, a juzgar por los hechos y por la insistencia, existe cierta benevolencia en el tratamiento de su situaci\u00f3n&#8221;, sostuvo.<\/p>\n\n\n\n<p>El letrado puso en duda el argumento de que no existir\u00eda un centro de contenci\u00f3n para mujeres y consider\u00f3 que, de ser as\u00ed, deber\u00eda existir una respuesta institucional que garantice la aplicaci\u00f3n igualitaria de la ley.<\/p>\n\n\n\n<p>La querella aguarda ahora que la Justicia analice el pedido de nulidad y defina las pr\u00f3ximas medidas de la investigaci\u00f3n, mientras contin\u00faa la producci\u00f3n de pruebas para establecer las responsabilidades en el crimen de Cecilia Lazcano.&nbsp;<\/p>\n","protected":false},"excerpt":{"rendered":"<p>El doctor Juan Saucedo, abogado de la familia de Cecilia Lazcano que fue asesinada en Alvear, cuestion\u00f3 la decisi\u00f3n judicial, denunci\u00f3 irregularidades procesales y reclam\u00f3 que se investigue la posible&hellip; <\/p>\n","protected":false},"author":3,"featured_media":269917,"comment_status":"closed","ping_status":"open","sticky":false,"template":"","format":"standard","meta":{"footnotes":""},"categories":[33],"tags":[],"class_list":["post-269914","post","type-post","status-publish","format-standard","has-post-thumbnail","hentry","category-policiales"],"_links":{"self":[{"href":"https:\/\/corrientesdetarde.com\/index.php\/wp-json\/wp\/v2\/posts\/269914","targetHints":{"allow":["GET"]}}],"collection":[{"href":"https:\/\/corrientesdetarde.com\/index.php\/wp-json\/wp\/v2\/posts"}],"about":[{"href":"https:\/\/corrientesdetarde.com\/index.php\/wp-json\/wp\/v2\/types\/post"}],"author":[{"embeddable":true,"href":"https:\/\/corrientesdetarde.com\/index.php\/wp-json\/wp\/v2\/users\/3"}],"replies":[{"embeddable":true,"href":"https:\/\/corrientesdetarde.com\/index.php\/wp-json\/wp\/v2\/comments?post=269914"}],"version-history":[{"count":1,"href":"https:\/\/corrientesdetarde.com\/index.php\/wp-json\/wp\/v2\/posts\/269914\/revisions"}],"predecessor-version":[{"id":269941,"href":"https:\/\/corrientesdetarde.com\/index.php\/wp-json\/wp\/v2\/posts\/269914\/revisions\/269941"}],"wp:featuredmedia":[{"embeddable":true,"href":"https:\/\/corrientesdetarde.com\/index.php\/wp-json\/wp\/v2\/media\/269917"}],"wp:attachment":[{"href":"https:\/\/corrientesdetarde.com\/index.php\/wp-json\/wp\/v2\/media?parent=269914"}],"wp:term":[{"taxonomy":"category","embeddable":true,"href":"https:\/\/corrientesdetarde.com\/index.php\/wp-json\/wp\/v2\/categories?post=269914"},{"taxonomy":"post_tag","embeddable":true,"href":"https:\/\/corrientesdetarde.com\/index.php\/wp-json\/wp\/v2\/tags?post=269914"}],"curies":[{"name":"wp","href":"https:\/\/api.w.org\/{rel}","templated":true}]}}