{"id":269919,"date":"2026-09-04T10:02:18","date_gmt":"2026-09-04T13:02:18","guid":{"rendered":"https:\/\/corrientesdetarde.com\/?p=269919"},"modified":"2026-09-04T10:02:19","modified_gmt":"2026-09-04T13:02:19","slug":"el-centro-de-jubilados-cumplio-92-anos-y-hubo-actividades-varias","status":"publish","type":"post","link":"https:\/\/corrientesdetarde.com\/index.php\/informacion-general\/el-centro-de-jubilados-cumplio-92-anos-y-hubo-actividades-varias\/","title":{"rendered":"El Centro de Jubilados cumpli\u00f3 92 a\u00f1os y hubo actividades varias"},"content":{"rendered":"\n<p>La instituci\u00f3n celebr\u00f3 su aniversario con una jornada de juegos, m\u00fasica, baile y reflexi\u00f3n, en una propuesta que busc\u00f3 poner en el centro la participaci\u00f3n y el bienestar de las personas mayores. Con 23 talleres apuesta a que jubilarse sea el comienzo de una nueva etapa.<\/p>\n\n\n\n<p>El Centro de Jubilados y Pensionados de Corrientes el pasado mi\u00e9rcoles cumpli\u00f3 92 a\u00f1os y eligi\u00f3 celebrar su aniversario con una propuesta que estuvo lejos de limitarse a un acto protocolar. Durante varias horas, la sede de Rioja 670 se convirti\u00f3 en un espacio de encuentro, juegos, m\u00fasica, reflexi\u00f3n y baile, en una jornada pensada para reivindicar una vejez activa, participativa y con proyectos.<\/p>\n\n\n\n<p>La celebraci\u00f3n comenz\u00f3 alrededor de las 17 con una charla a cargo de Marcelo Fabi\u00e1n Ureli, periodista y especialista en comunicaci\u00f3n, quien propuso a los presentes una mirada diferente sobre la manera de afrontar las dificultades de la vida. Su exposici\u00f3n gir\u00f3 alrededor de la actitud frente a los problemas, la positividad y la importancia de revisar la forma en que las personas se hablan a s\u00ed mismas y observan aquello que les sucede.<\/p>\n\n\n\n<p>Con ejemplos cotidianos, Ureli plante\u00f3 la necesidad de &#8220;cambiar el chip&#8221; y modificar determinadas formas de interpretar la realidad, incluso frente a situaciones tan simples como un d\u00eda de lluvia. La propuesta fue generar una mirada m\u00e1s positiva y consciente sobre la vida, como punto de partida para enfrentar las dificultades y construir nuevas formas de bienestar.<\/p>\n\n\n\n<figure class=\"wp-block-image\"><img decoding=\"async\" src=\"https:\/\/www.diarioepoca.com\/content\/bucket\/9\/1507049w380h230c.jpg.webp\" alt=\"\"\/><figcaption class=\"wp-element-caption\">LAS ACTIVIDADES F\u00cdSICAS NO FALTARON EN EL ANIVERSARIO DE LA INSTITUCI\u00d3N.<\/figcaption><\/figure>\n\n\n\n<p>Despu\u00e9s de la charla lleg\u00f3 el momento de los juegos. Los participantes, que hab\u00edan sido convocados previamente a asistir con ropa c\u00f3moda, se dividieron en grupos y participaron de distintas actividades con aros y pelotas, en una din\u00e1mica que combin\u00f3 movimiento, coordinaci\u00f3n y competencia amistosa.<\/p>\n\n\n\n<p>La jornada continu\u00f3 con un karaoke en el que los asistentes deb\u00edan reconocer las canciones que iban sonando y luego volvi\u00f3 el espacio de juegos. M\u00e1s tarde se realizaron sorteos entre quienes hab\u00edan participado de la celebraci\u00f3n. Los n\u00fameros entregados junto con las entradas permitieron definir a los ganadores de distintos premios.<\/p>\n\n\n\n<p>El festejo tuvo tambi\u00e9n su momento tradicional. Se apagaron las luces, apareci\u00f3 una torta y todos los presentes participaron del canto de cumplea\u00f1os. Despu\u00e9s compartieron la torta y bebidas antes de que la celebraci\u00f3n terminara con m\u00fasica y baile, ya entrada la noche.<\/p>\n\n\n\n<p>El aniversario sirvi\u00f3 para mostrar el proceso de transformaci\u00f3n que atraviesa la instituci\u00f3n. Fundado en 1934, el Centro de Jubilados y Pensionados de Corrientes busca cambiar la mirada tradicional sobre la vejez y sostener una propuesta en la que las personas mayores puedan conservar su autonom\u00eda f\u00edsica, mental, social y econ\u00f3mica.<\/p>\n\n\n\n<p>&#8220;La jubilaci\u00f3n es el comienzo de una nueva etapa&#8221;, sostiene Fern\u00e1ndez, interventora del Centro, quien considera que uno de los principales desaf\u00edos es preparar a las personas para ese momento de la vida y evitar que el retiro laboral sea entendido como el final de las actividades, los v\u00ednculos o los proyectos personales.<\/p>\n\n\n\n<p>Actualmente, la instituci\u00f3n cuenta con 23 talleres y una agenda de actividades que apunta a mantener a los afiliados activos y vinculados. Uno de los pilares es la actividad f\u00edsica, con espacios de musculaci\u00f3n especialmente pensados para adultos mayores, orientados a conservar la fuerza, mejorar la movilidad y disminuir el riesgo de ca\u00eddas.<\/p>\n\n\n\n<p>La iniciativa comenz\u00f3 adem\u00e1s a extenderse hacia el interior provincial, donde se distribuyeron materiales y se capacit\u00f3 al personal para que los afiliados puedan acceder a estas propuestas sin necesidad de trasladarse hasta la capital.<\/p>\n\n\n\n<p>Para Fern\u00e1ndez, el objetivo no es simplemente que los adultos mayores hagan ejercicio, sino que puedan conservar durante m\u00e1s tiempo la capacidad de desenvolverse por sus propios medios. La autonom\u00eda aparece as\u00ed como uno de los principales conceptos sobre los que la instituci\u00f3n construye su propuesta.<\/p>\n\n\n\n<p>La idea tambi\u00e9n busca romper con determinados prejuicios asociados a la edad. Fern\u00e1ndez sostiene que no existe un momento determinado para aprender algo nuevo y cuenta experiencias de personas que comenzaron actividades art\u00edsticas, aprendieron a nadar o se animaron a bailar muchos a\u00f1os despu\u00e9s de lo que tradicionalmente se considera &#8220;la edad&#8221; para hacerlo.<\/p>\n\n\n\n<p>Entre esas historias menciona la de su propia hermana, que aprendi\u00f3 a nadar a los 73 a\u00f1os y actualmente puede completar varias piletas, adem\u00e1s de haberse animado al tango.<\/p>\n\n\n\n<p>&#8220;Hay que desaprender toda esa rutina y empezar a aprender a disfrutar&#8221;, explica Fern\u00e1ndez al hablar de la etapa posterior a la jubilaci\u00f3n. Despu\u00e9s de d\u00e9cadas de levantarse temprano, cumplir horarios y organizar la vida alrededor del trabajo, muchas personas se encuentran de repente con una cantidad de tiempo que no saben c\u00f3mo ocupar. Esa transici\u00f3n puede generar aislamiento, angustia o incluso depresi\u00f3n.<\/p>\n\n\n\n<p>Por eso, el Centro tambi\u00e9n trabaja sobre la preparaci\u00f3n previa a la jubilaci\u00f3n. La intenci\u00f3n es que quienes todav\u00eda se encuentran en actividad puedan comenzar a pensar qu\u00e9 quieren hacer cuando termine su vida laboral y no lleguen a ese momento sin proyectos.<\/p>\n\n\n\n<p>La propuesta incluye adem\u00e1s iniciativas que combinan actividad social y generaci\u00f3n de ingresos. Un ejemplo es el denominado &#8220;peque\u00f1o shopping&#8221;, un espacio en el que afiliadas pueden comercializar productos elaborados a partir de sus propios emprendimientos. La propuesta busca sostener v\u00ednculos, generar oportunidades y mostrar que la capacidad productiva no desaparece con la edad.<\/p>\n\n\n\n<p>La autonom\u00eda econ\u00f3mica aparece as\u00ed como otra de las dimensiones que la instituci\u00f3n intenta fortalecer. Fern\u00e1ndez sostiene que una persona mayor independiente no s\u00f3lo mejora su propia calidad de vida, sino que tambi\u00e9n disminuye las situaciones de dependencia permanente dentro de la familia.<\/p>\n\n\n\n<p>En esa misma l\u00ednea, el Centro busca instalar una mirada que involucre a todas las generaciones. Para Fern\u00e1ndez, la preparaci\u00f3n para una vejez activa no comienza a los 70 u 80 a\u00f1os, sino mucho antes. Las personas de 45, 50 y 60 a\u00f1os deber\u00edan incorporar h\u00e1bitos vinculados con la actividad f\u00edsica, la salud y el bienestar para llegar a edades avanzadas en mejores condiciones.<\/p>\n\n\n\n<p>La instituci\u00f3n tambi\u00e9n observa el crecimiento de lo que se conoce como &#8220;econom\u00eda plateada&#8221;, vinculada con las necesidades y oportunidades que genera una poblaci\u00f3n que vive cada vez m\u00e1s a\u00f1os. Turismo, salud, recreaci\u00f3n, servicios y actividades espec\u00edficas para personas mayores forman parte de un mercado que adquiere progresivamente mayor relevancia.<\/p>\n\n\n\n<p>El desaf\u00edo, para Fern\u00e1ndez, no consiste simplemente en prolongar la expectativa de vida, sino en conseguir que esos a\u00f1os adicionales puedan transcurrirse con independencia y calidad de vida.<\/p>\n\n\n\n<p>En ese sentido, el Centro proyecta nuevas iniciativas relacionadas con vivienda, autonom\u00eda econ\u00f3mica y bienestar. Parte de estas propuestas fueron presentadas por Fern\u00e1ndez en encuentros vinculados con la gerontolog\u00eda realizado en Brasil, con la intenci\u00f3n de incorporar experiencias y herramientas que puedan aplicarse en Corrientes.<\/p>\n\n\n\n<p>Despu\u00e9s de la celebraci\u00f3n por los 92 a\u00f1os, la instituci\u00f3n ya tiene puesta la mirada en una nueva actividad. Los d\u00edas 17, 18 y 19 de septiembre se realizar\u00e1 el sexto Encuentro Tarag\u00fc\u00ed de Personas Mayores del Mercosur, cuya jornada central tendr\u00e1 lugar el s\u00e1bado 19 en el Sal\u00f3n de Convenciones.<\/p>\n\n\n\n<p>La convocatoria tambi\u00e9n estar\u00e1 abierta a las familias y tendr\u00e1 actividades pensadas para compartir entre distintas generaciones. La intenci\u00f3n es que las personas mayores puedan contar con sus propios espacios de encuentro, diversi\u00f3n, m\u00fasica y baile, pero tambi\u00e9n que esos espacios puedan ser compartidos con hijos, nietos y otros integrantes de la familia.<\/p>\n\n\n\n<p>A 92 a\u00f1os de su creaci\u00f3n, el Centro de Jubilados atraviesa una etapa en la que la celebraci\u00f3n de un nuevo aniversario funciona tambi\u00e9n como una declaraci\u00f3n de principios. La instituci\u00f3n busca que la vejez no sea asociada con quietud o dependencia, sino con participaci\u00f3n, aprendizaje, v\u00ednculos y autonom\u00eda.<\/p>\n","protected":false},"excerpt":{"rendered":"<p>La instituci\u00f3n celebr\u00f3 su aniversario con una jornada de juegos, m\u00fasica, baile y reflexi\u00f3n, en una propuesta que busc\u00f3 poner en el centro la participaci\u00f3n y el bienestar de las&hellip; <\/p>\n","protected":false},"author":3,"featured_media":269930,"comment_status":"closed","ping_status":"open","sticky":false,"template":"","format":"standard","meta":{"footnotes":""},"categories":[1],"tags":[],"class_list":["post-269919","post","type-post","status-publish","format-standard","has-post-thumbnail","hentry","category-informacion-general"],"_links":{"self":[{"href":"https:\/\/corrientesdetarde.com\/index.php\/wp-json\/wp\/v2\/posts\/269919","targetHints":{"allow":["GET"]}}],"collection":[{"href":"https:\/\/corrientesdetarde.com\/index.php\/wp-json\/wp\/v2\/posts"}],"about":[{"href":"https:\/\/corrientesdetarde.com\/index.php\/wp-json\/wp\/v2\/types\/post"}],"author":[{"embeddable":true,"href":"https:\/\/corrientesdetarde.com\/index.php\/wp-json\/wp\/v2\/users\/3"}],"replies":[{"embeddable":true,"href":"https:\/\/corrientesdetarde.com\/index.php\/wp-json\/wp\/v2\/comments?post=269919"}],"version-history":[{"count":1,"href":"https:\/\/corrientesdetarde.com\/index.php\/wp-json\/wp\/v2\/posts\/269919\/revisions"}],"predecessor-version":[{"id":269947,"href":"https:\/\/corrientesdetarde.com\/index.php\/wp-json\/wp\/v2\/posts\/269919\/revisions\/269947"}],"wp:featuredmedia":[{"embeddable":true,"href":"https:\/\/corrientesdetarde.com\/index.php\/wp-json\/wp\/v2\/media\/269930"}],"wp:attachment":[{"href":"https:\/\/corrientesdetarde.com\/index.php\/wp-json\/wp\/v2\/media?parent=269919"}],"wp:term":[{"taxonomy":"category","embeddable":true,"href":"https:\/\/corrientesdetarde.com\/index.php\/wp-json\/wp\/v2\/categories?post=269919"},{"taxonomy":"post_tag","embeddable":true,"href":"https:\/\/corrientesdetarde.com\/index.php\/wp-json\/wp\/v2\/tags?post=269919"}],"curies":[{"name":"wp","href":"https:\/\/api.w.org\/{rel}","templated":true}]}}