{"id":269922,"date":"2026-09-04T10:02:11","date_gmt":"2026-09-04T13:02:11","guid":{"rendered":"https:\/\/corrientesdetarde.com\/?p=269922"},"modified":"2026-09-04T10:02:13","modified_gmt":"2026-09-04T13:02:13","slug":"rescatan-con-vida-a-dos-personas-10-dias-despues-de-la-riada-en-nepal","status":"publish","type":"post","link":"https:\/\/corrientesdetarde.com\/index.php\/internacionales\/rescatan-con-vida-a-dos-personas-10-dias-despues-de-la-riada-en-nepal\/","title":{"rendered":"Rescatan con vida a dos personas 10 d\u00edas despu\u00e9s de la riada en Nepal"},"content":{"rendered":"\n<p>Equipos de rescate trabajaron durante m\u00e1s de una semana en las instalaciones de la central hidroel\u00e9ctrica Trishuli 3A con el objetivo de encontrar personas con vida.<\/p>\n\n\n\n<p>Dos hombres que permanec\u00edan atrapados en uno de los t\u00faneles de la central hidroel\u00e9ctrica Trishuli 3A tras el colapso glaciar en Nepal, lograron ser rescatados en la ma\u00f1ana de este viernes y ahora las autoridades buscan a contrarreloj a al menos 42 personas que podr\u00edan seguir con vida en los pasadizos subterr\u00e1neos de la planta.<\/p>\n\n\n\n<p>Identificados como Sanjaya Shah, de 30 a\u00f1os, y Kabir Maharjan, de 45, son los primeros trabajadores rescatados de dichos t\u00faneles donde los rescatistas oyeron las voces de otros hombres atrapados.<\/p>\n\n\n\n<figure class=\"wp-block-image\"><img decoding=\"async\" src=\"https:\/\/www.diarioepoca.com\/content\/bucket\/8\/1507078w790h1053c.jpg.webp\" alt=\"\"\/><\/figure>\n\n\n\n<p>Los supervivientes, quienes aseguraron que hay m\u00e1s personas vivas, fueron evacuados en camilla, cubiertos de lodo, despu\u00e9s de que los equipos de rescate lograran ingresar por un peque\u00f1o orificio en el t\u00fanel de m\u00e1s de 4 kil\u00f3metros. Ambos fueron trasladados al Hospital Militar Birendra en Katmand\u00fa.<\/p>\n\n\n\n<p>Sah, capataz mec\u00e1nico oriundo del distrito de Saptari, en el este de Nepal, se encuentra en condici\u00f3n estable, mientras que Maharjan, supervisor mec\u00e1nico de Katmand\u00fa, se encuentra en estado cr\u00edtico y permanece en cuidados intensivos, seg\u00fan inform\u00f3 la Oficina del Primer Ministro de Nepal.<\/p>\n\n\n\n<p>Medios internacionales indicaron que los equipos de emergencia en el lugar mantienen la esperanza de encontrar m\u00e1s personas con vida. Asimismo, las operaciones son complicadas, ya que los rescatistas excavan manualmente.<\/p>\n","protected":false},"excerpt":{"rendered":"<p>Equipos de rescate trabajaron durante m\u00e1s de una semana en las instalaciones de la central hidroel\u00e9ctrica Trishuli 3A con el objetivo de encontrar personas con vida. Dos hombres que permanec\u00edan&hellip; <\/p>\n","protected":false},"author":3,"featured_media":269927,"comment_status":"closed","ping_status":"open","sticky":false,"template":"","format":"standard","meta":{"footnotes":""},"categories":[11],"tags":[],"class_list":["post-269922","post","type-post","status-publish","format-standard","has-post-thumbnail","hentry","category-internacionales"],"_links":{"self":[{"href":"https:\/\/corrientesdetarde.com\/index.php\/wp-json\/wp\/v2\/posts\/269922","targetHints":{"allow":["GET"]}}],"collection":[{"href":"https:\/\/corrientesdetarde.com\/index.php\/wp-json\/wp\/v2\/posts"}],"about":[{"href":"https:\/\/corrientesdetarde.com\/index.php\/wp-json\/wp\/v2\/types\/post"}],"author":[{"embeddable":true,"href":"https:\/\/corrientesdetarde.com\/index.php\/wp-json\/wp\/v2\/users\/3"}],"replies":[{"embeddable":true,"href":"https:\/\/corrientesdetarde.com\/index.php\/wp-json\/wp\/v2\/comments?post=269922"}],"version-history":[{"count":1,"href":"https:\/\/corrientesdetarde.com\/index.php\/wp-json\/wp\/v2\/posts\/269922\/revisions"}],"predecessor-version":[{"id":269943,"href":"https:\/\/corrientesdetarde.com\/index.php\/wp-json\/wp\/v2\/posts\/269922\/revisions\/269943"}],"wp:featuredmedia":[{"embeddable":true,"href":"https:\/\/corrientesdetarde.com\/index.php\/wp-json\/wp\/v2\/media\/269927"}],"wp:attachment":[{"href":"https:\/\/corrientesdetarde.com\/index.php\/wp-json\/wp\/v2\/media?parent=269922"}],"wp:term":[{"taxonomy":"category","embeddable":true,"href":"https:\/\/corrientesdetarde.com\/index.php\/wp-json\/wp\/v2\/categories?post=269922"},{"taxonomy":"post_tag","embeddable":true,"href":"https:\/\/corrientesdetarde.com\/index.php\/wp-json\/wp\/v2\/tags?post=269922"}],"curies":[{"name":"wp","href":"https:\/\/api.w.org\/{rel}","templated":true}]}}