{"id":269925,"date":"2026-09-04T10:02:15","date_gmt":"2026-09-04T13:02:15","guid":{"rendered":"https:\/\/corrientesdetarde.com\/?p=269925"},"modified":"2026-09-04T10:02:17","modified_gmt":"2026-09-04T13:02:17","slug":"mas-de-mil-docentes-participaran-del-xx-encuentro-de-educadores-catolicos-de-corrientes","status":"publish","type":"post","link":"https:\/\/corrientesdetarde.com\/index.php\/informacion-general\/mas-de-mil-docentes-participaran-del-xx-encuentro-de-educadores-catolicos-de-corrientes\/","title":{"rendered":"M\u00e1s de mil docentes participar\u00e1n del XX Encuentro de Educadores Cat\u00f3licos de Corrientes"},"content":{"rendered":"\n<p>El Instituto P\u00edo XI ser\u00e1 sede hoy del XX Encuentro de Educadores Cat\u00f3licos de Corrientes y se estima que m\u00e1s de mil docentes formar\u00e1n parte de esta jornada de formaci\u00f3n, reflexi\u00f3n y encuentro.<\/p>\n\n\n\n<p>Esta actividad se desarrollar\u00e1 desde las 8 y hasta las 17, en el establecimiento ubicado en Costanera General San Mart\u00edn al 1.150 La propuesta contar\u00e1 con modalidad presencial y virtual y es arancelada.<\/p>\n\n\n\n<p>La jornada tendr\u00e1 como eje de reflexi\u00f3n la Enc\u00edclica &#8220;Magnifica humanitas&#8221;, buscando profundizar en el desaf\u00edo de custodiar lo humano en el contexto de los cambios culturales y sociales de nuestro tiempo, y en los desaf\u00edos que estos plantean a la escuela cat\u00f3lica.<\/p>\n\n\n\n<p>El programa comenzar\u00e1 a las 8, con la bienvenida y acreditaci\u00f3n de los participantes. A las 8:30 se realizar\u00e1 la oraci\u00f3n inicial a cargo del arzobispo de Corrientes, Jos\u00e9 Adolfo Larregain y a las 9 tendr\u00e1 lugar una reflexi\u00f3n sobre la Enc\u00edclica Magnifica humanitas, a cargo del presb\u00edtero Cristian Soto.<\/p>\n\n\n\n<p>A lo largo del d\u00eda habr\u00e1 tambi\u00e9n espacios de intercambio y participaci\u00f3n, con visitas a stands institucionales, talleres simult\u00e1neos por la ma\u00f1ana y por la tarde, y momentos destinados al encuentro fraterno entre los educadores.<\/p>\n\n\n\n<figure class=\"wp-block-image\"><img decoding=\"async\" src=\"https:\/\/www.diarioepoca.com\/content\/bucket\/4\/1507044w380h318c.jpg.webp\" alt=\"\"\/><\/figure>\n\n\n\n<p>A las 12:30. se compartir\u00e1 un almuerzo comunitario, como espacio de encuentro y fraternidad. Por la tarde continuar\u00e1n los talleres y el recorrido por los stands, para culminar a las 16, con la celebraci\u00f3n de la Santa Misa, que marcar\u00e1 el cierre del encuentro.<\/p>\n\n\n\n<p>Seg\u00fan lo informado desde el Arzobispado, &#8220;este encuentro busca ser una oportunidad para renovar la vocaci\u00f3n educativa, fortalecer los v\u00ednculos comunitarios y asumir con esperanza y compromiso los desaf\u00edos de la educaci\u00f3n en este cambio de \u00e9poca&#8221;.<\/p>\n\n\n\n<p>El a\u00f1o pasado, unos 1.200 educadores que forman parte de las 51 instituciones de ense\u00f1anza dependientes de la Arquidi\u00f3cesis de Corrientes tuvieron activa participaci\u00f3n en el encuentro que a\u00f1o a a\u00f1o va creciendo en su convocatoria.<\/p>\n\n\n\n<h2 class=\"wp-block-heading\">Talleres<\/h2>\n\n\n\n<p>Siempre de acuerdo a lo programado, durante el turno ma\u00f1ana se abordar\u00e1n tem\u00e1ticas como el cuidado de los docentes, la identidad de la escuela cat\u00f3lica frente al cambio de \u00e9poca, la protecci\u00f3n de ni\u00f1os, ni\u00f1as y adolescentes, el v\u00ednculo entre escuela y familia y una gesti\u00f3n institucional humanizadora.<\/p>\n\n\n\n<p>Por la tarde, adem\u00e1s de continuar con algunos de estos espacios, se sumar\u00e1n propuestas sobre inteligencia artificial, cultura digital y discernimiento educativo, a cargo del fray Sergio Carvallo, y un espacio dedicado a la voz de los j\u00f3venes en la vida escolar, protagonizado por estudiantes de Alas y Ra\u00edces.<\/p>\n","protected":false},"excerpt":{"rendered":"<p>El Instituto P\u00edo XI ser\u00e1 sede hoy del XX Encuentro de Educadores Cat\u00f3licos de Corrientes y se estima que m\u00e1s de mil docentes formar\u00e1n parte de esta jornada de formaci\u00f3n,&hellip; <\/p>\n","protected":false},"author":3,"featured_media":269929,"comment_status":"closed","ping_status":"open","sticky":false,"template":"","format":"standard","meta":{"footnotes":""},"categories":[1],"tags":[],"class_list":["post-269925","post","type-post","status-publish","format-standard","has-post-thumbnail","hentry","category-informacion-general"],"_links":{"self":[{"href":"https:\/\/corrientesdetarde.com\/index.php\/wp-json\/wp\/v2\/posts\/269925","targetHints":{"allow":["GET"]}}],"collection":[{"href":"https:\/\/corrientesdetarde.com\/index.php\/wp-json\/wp\/v2\/posts"}],"about":[{"href":"https:\/\/corrientesdetarde.com\/index.php\/wp-json\/wp\/v2\/types\/post"}],"author":[{"embeddable":true,"href":"https:\/\/corrientesdetarde.com\/index.php\/wp-json\/wp\/v2\/users\/3"}],"replies":[{"embeddable":true,"href":"https:\/\/corrientesdetarde.com\/index.php\/wp-json\/wp\/v2\/comments?post=269925"}],"version-history":[{"count":1,"href":"https:\/\/corrientesdetarde.com\/index.php\/wp-json\/wp\/v2\/posts\/269925\/revisions"}],"predecessor-version":[{"id":269946,"href":"https:\/\/corrientesdetarde.com\/index.php\/wp-json\/wp\/v2\/posts\/269925\/revisions\/269946"}],"wp:featuredmedia":[{"embeddable":true,"href":"https:\/\/corrientesdetarde.com\/index.php\/wp-json\/wp\/v2\/media\/269929"}],"wp:attachment":[{"href":"https:\/\/corrientesdetarde.com\/index.php\/wp-json\/wp\/v2\/media?parent=269925"}],"wp:term":[{"taxonomy":"category","embeddable":true,"href":"https:\/\/corrientesdetarde.com\/index.php\/wp-json\/wp\/v2\/categories?post=269925"},{"taxonomy":"post_tag","embeddable":true,"href":"https:\/\/corrientesdetarde.com\/index.php\/wp-json\/wp\/v2\/tags?post=269925"}],"curies":[{"name":"wp","href":"https:\/\/api.w.org\/{rel}","templated":true}]}}