{"id":269931,"date":"2026-09-04T11:06:11","date_gmt":"2026-09-04T14:06:11","guid":{"rendered":"https:\/\/corrientesdetarde.com\/?p=269931"},"modified":"2026-09-04T11:06:18","modified_gmt":"2026-09-04T14:06:18","slug":"ediles-debaten-cambios-en-uso-de-pirotecnia","status":"publish","type":"post","link":"https:\/\/corrientesdetarde.com\/index.php\/informacion-general\/ediles-debaten-cambios-en-uso-de-pirotecnia\/","title":{"rendered":"Ediles debaten cambios en uso de pirotecnia"},"content":{"rendered":"\n<p>El Concejo Deliberante de Corrientes otorg\u00f3 estado parlamentario y gir\u00f3 a la Comisi\u00f3n de Legislaci\u00f3n un expediente que propone modificar la Ordenanza N\u00b06678, mediante la adhesi\u00f3n a la Ley Provincial N\u00b06611 que proh\u00edbe la tenencia, producci\u00f3n, distribuci\u00f3n, comercializaci\u00f3n, acopio y utilizaci\u00f3n de artificios pirot\u00e9cnicos que generen efectos audibles, estruendos o similares.<\/p>\n\n\n\n<p>Adem\u00e1s, se aprobaron resoluciones para solicitar al Departamento Ejecutivo Municipal informes sobre la factibilidad de ejecutar desag\u00fces pluviales y su correspondiente entubamiento en Punta Taitalo. Tambi\u00e9n se pidi\u00f3 informaci\u00f3n sobre los desv\u00edos de las l\u00edneas de colectivos que circulan por calle Tucum\u00e1n hacia 9 de Julio.<\/p>\n\n\n\n<p>El cuerpo declar\u00f3 de inter\u00e9s diversas actividades, entre ellas la exposici\u00f3n de autores del proyecto de extensi\u00f3n de Arquitectura V-UPB de la UNNE, el D\u00eda Mundial para la Prevenci\u00f3n del Suicidio, la Marat\u00f3n Solidaria Farmar y la segunda Bienal Internacional de Arquitectura, Ciudad y Territorio en el NEA &#8220;Territorios del agua&#8221;.<\/p>\n\n\n\n<p>Finalmente, se otorg\u00f3 el diploma a la Acci\u00f3n Destacada a Diego Sebasti\u00e1n Vallejos y al cantautor, m\u00fasico y compositor correntino Soriano Sosa, por sus aportes a la comunidad y sus respectivas trayectorias.<\/p>\n","protected":false},"excerpt":{"rendered":"<p>El Concejo Deliberante de Corrientes otorg\u00f3 estado parlamentario y gir\u00f3 a la Comisi\u00f3n de Legislaci\u00f3n un expediente que propone modificar la Ordenanza N\u00b06678, mediante la adhesi\u00f3n a la Ley Provincial&hellip; <\/p>\n","protected":false},"author":3,"featured_media":269937,"comment_status":"closed","ping_status":"open","sticky":false,"template":"","format":"standard","meta":{"footnotes":""},"categories":[1],"tags":[],"class_list":["post-269931","post","type-post","status-publish","format-standard","has-post-thumbnail","hentry","category-informacion-general"],"_links":{"self":[{"href":"https:\/\/corrientesdetarde.com\/index.php\/wp-json\/wp\/v2\/posts\/269931","targetHints":{"allow":["GET"]}}],"collection":[{"href":"https:\/\/corrientesdetarde.com\/index.php\/wp-json\/wp\/v2\/posts"}],"about":[{"href":"https:\/\/corrientesdetarde.com\/index.php\/wp-json\/wp\/v2\/types\/post"}],"author":[{"embeddable":true,"href":"https:\/\/corrientesdetarde.com\/index.php\/wp-json\/wp\/v2\/users\/3"}],"replies":[{"embeddable":true,"href":"https:\/\/corrientesdetarde.com\/index.php\/wp-json\/wp\/v2\/comments?post=269931"}],"version-history":[{"count":1,"href":"https:\/\/corrientesdetarde.com\/index.php\/wp-json\/wp\/v2\/posts\/269931\/revisions"}],"predecessor-version":[{"id":269962,"href":"https:\/\/corrientesdetarde.com\/index.php\/wp-json\/wp\/v2\/posts\/269931\/revisions\/269962"}],"wp:featuredmedia":[{"embeddable":true,"href":"https:\/\/corrientesdetarde.com\/index.php\/wp-json\/wp\/v2\/media\/269937"}],"wp:attachment":[{"href":"https:\/\/corrientesdetarde.com\/index.php\/wp-json\/wp\/v2\/media?parent=269931"}],"wp:term":[{"taxonomy":"category","embeddable":true,"href":"https:\/\/corrientesdetarde.com\/index.php\/wp-json\/wp\/v2\/categories?post=269931"},{"taxonomy":"post_tag","embeddable":true,"href":"https:\/\/corrientesdetarde.com\/index.php\/wp-json\/wp\/v2\/tags?post=269931"}],"curies":[{"name":"wp","href":"https:\/\/api.w.org\/{rel}","templated":true}]}}