{"id":269933,"date":"2026-09-04T11:06:04","date_gmt":"2026-09-04T14:06:04","guid":{"rendered":"https:\/\/corrientesdetarde.com\/?p=269933"},"modified":"2026-09-04T11:06:16","modified_gmt":"2026-09-04T14:06:16","slug":"regatas-y-san-martin-comenzaran-la-fase-regular-en-corrientes","status":"publish","type":"post","link":"https:\/\/corrientesdetarde.com\/index.php\/deportes\/regatas-y-san-martin-comenzaran-la-fase-regular-en-corrientes\/","title":{"rendered":"Regatas y San Mart\u00edn comenzar\u00e1n la fase regular en Corrientes"},"content":{"rendered":"\n<p>Los elencos capitalinos abrir\u00e1n una nueva campa\u00f1a recibiendo a Instituto de C\u00f3rdoba. El santo del barrio La Cruz debutar\u00e1 el 30 de septiembre y el remero se medir\u00e1 con la gloria el 2 de octubre<\/p>\n\n\n\n<p>La temporada 2026\/27 de la Liga Nacional de B\u00e1squetbol (LNB) defini\u00f3 su calendario y los equipos correntinos tienen rutas iniciales definidas para abrir una nueva campa\u00f1a en la elite. Como en la edici\u00f3n 2025\/26, San Mart\u00edn y Regatas ser\u00e1n locales en el estadio Ra\u00fal Argentino Ortiz, la casa del rojinegro del barrio La Cruz y conocido popularmente como el Fort\u00edn Rojinegro. Justamente, en ese escenario, el santo abrir\u00e1 la temporada recibiendo a Instituto de C\u00f3rdoba el mi\u00e9rcoles 30 de septiembre. La gloria permanecer\u00e1 en la ciudad ya que el viernes 2 ser\u00e1 el primer rival del fantasma del parque Mitre.<\/p>\n\n\n\n<p>Luego, ambos equipos tendr\u00e1n sus primeros compromisos de visitantes, con los remeros visitando a Ferro Carril Oeste en Caballito (lunes 5 de octubre) y, dos d\u00edas despu\u00e9s, fue programado su cruce ante Pe\u00f1arol en el Polideportivo Islas Malvinas de Mar del Plata. Este duelo del mi\u00e9rcoles 7 podr\u00eda cambiar de d\u00eda ya que Regatas tendr\u00e1 su primer cuadrangular v\u00e1lido por la Liga Sudamericana de Baloncesto desde el 9 al 11 de octubre en Lonja, Ecuador. Por su parte, San Mart\u00edn Corrientes tendr\u00e1 su primer juego fuera de Corrientes cuando enfrente Racing de Chivilcoy (jueves 8\/10) y el s\u00e1bado 10 se cruzar\u00e1 con Argentino en la ciudad de Jun\u00edn.<\/p>\n\n\n\n<p>Regatas y San Mart\u00edn tratar\u00e1n de mejorar sus producciones anteriores, donde ambos jugaron la postemporada pero estuvieron lejos de pelear por la corona liguista. El rojinegro cedi\u00f3 en la Reclasificaci\u00f3n ante Boca Juniors y el remero fue eliminado por Ferro en una serie donde tuvo ventaja de local\u00eda y cedi\u00f3 en quinto juego en Corrientes.<\/p>\n\n\n\n<h2 class=\"wp-block-heading\">El campe\u00f3n dar\u00e1 el salto inaugural<\/h2>\n\n\n\n<p>La competencia comenzar\u00e1 el lunes 28 de septiembre y volver\u00e1 a recorrer distintos puntos del pa\u00eds con una nueva edici\u00f3n de la m\u00e1xima categor\u00eda del b\u00e1squet argentino.<\/p>\n\n\n\n<p>El salto inicial tendr\u00e1 un atractivo especial como viene sucediendo en ediciones anteriores. Lan\u00fas, recientemente ascendido desde La Liga Argentina, recibir\u00e1 a Gimnasia y Esgrima de Comodoro Rivadavia, \u00faltimo campe\u00f3n de la Liga Nacional, en el Microestadio Antonio Rotili. Ser\u00e1 el comienzo de una nueva temporada que contar\u00e1 con equipos de diferentes regiones del pa\u00eds y volver\u00e1 a reunir a instituciones de amplia trayectoria dentro del b\u00e1squet nacional.<\/p>\n","protected":false},"excerpt":{"rendered":"<p>Los elencos capitalinos abrir\u00e1n una nueva campa\u00f1a recibiendo a Instituto de C\u00f3rdoba. El santo del barrio La Cruz debutar\u00e1 el 30 de septiembre y el remero se medir\u00e1 con la&hellip; <\/p>\n","protected":false},"author":3,"featured_media":269935,"comment_status":"closed","ping_status":"open","sticky":false,"template":"","format":"standard","meta":{"footnotes":""},"categories":[4],"tags":[],"class_list":["post-269933","post","type-post","status-publish","format-standard","has-post-thumbnail","hentry","category-deportes"],"_links":{"self":[{"href":"https:\/\/corrientesdetarde.com\/index.php\/wp-json\/wp\/v2\/posts\/269933","targetHints":{"allow":["GET"]}}],"collection":[{"href":"https:\/\/corrientesdetarde.com\/index.php\/wp-json\/wp\/v2\/posts"}],"about":[{"href":"https:\/\/corrientesdetarde.com\/index.php\/wp-json\/wp\/v2\/types\/post"}],"author":[{"embeddable":true,"href":"https:\/\/corrientesdetarde.com\/index.php\/wp-json\/wp\/v2\/users\/3"}],"replies":[{"embeddable":true,"href":"https:\/\/corrientesdetarde.com\/index.php\/wp-json\/wp\/v2\/comments?post=269933"}],"version-history":[{"count":1,"href":"https:\/\/corrientesdetarde.com\/index.php\/wp-json\/wp\/v2\/posts\/269933\/revisions"}],"predecessor-version":[{"id":269961,"href":"https:\/\/corrientesdetarde.com\/index.php\/wp-json\/wp\/v2\/posts\/269933\/revisions\/269961"}],"wp:featuredmedia":[{"embeddable":true,"href":"https:\/\/corrientesdetarde.com\/index.php\/wp-json\/wp\/v2\/media\/269935"}],"wp:attachment":[{"href":"https:\/\/corrientesdetarde.com\/index.php\/wp-json\/wp\/v2\/media?parent=269933"}],"wp:term":[{"taxonomy":"category","embeddable":true,"href":"https:\/\/corrientesdetarde.com\/index.php\/wp-json\/wp\/v2\/categories?post=269933"},{"taxonomy":"post_tag","embeddable":true,"href":"https:\/\/corrientesdetarde.com\/index.php\/wp-json\/wp\/v2\/tags?post=269933"}],"curies":[{"name":"wp","href":"https:\/\/api.w.org\/{rel}","templated":true}]}}