{"id":269957,"date":"2026-09-04T10:46:30","date_gmt":"2026-09-04T13:46:30","guid":{"rendered":"https:\/\/corrientesdetarde.com\/?p=269957"},"modified":"2026-09-04T10:47:28","modified_gmt":"2026-09-04T13:47:28","slug":"lucia-mortola-fue-distinguida-como-joven-honorable-por-su-aporte-a-la-investigacion-cientifica","status":"publish","type":"post","link":"https:\/\/corrientesdetarde.com\/index.php\/destacados\/lucia-mortola-fue-distinguida-como-joven-honorable-por-su-aporte-a-la-investigacion-cientifica\/","title":{"rendered":"Luc\u00eda M\u00f3rtola fue distinguida como \u201cJoven Honorable\u201d por su aporte a la investigaci\u00f3n cient\u00edfica"},"content":{"rendered":"\n<p>La estudiante avanzada de Bioqu\u00edmica de la UNNE, Luc\u00eda M\u00f3rtola recibi\u00f3 ayer el reconocimiento del Senado de Corrientes por su trayectoria acad\u00e9mica, su trabajo en investigaci\u00f3n y su compromiso con la ciencia y la salud.<\/p>\n\n\n\n<p>Con apenas 23 a\u00f1os y un destacado recorrido acad\u00e9mico y cient\u00edfico, Luc\u00eda M\u00f3rtola recibi\u00f3 ayer, la distinci\u00f3n \u201cJoven Honorable\u201d, otorgada por el Senado de Corrientes. El reconocimiento fue entregado por el vicegobernador Pedro Braillard Poccard, al finalizar la Sesi\u00f3n Ordinaria del Senado, ante la presencia de familiares, amigos y docentes que acompa\u00f1aron este momento.<\/p>\n\n\n\n<p>Estudiante avanzada de la carrera de Bioqu\u00edmica de la Universidad Nacional del Nordeste (UNNE), M\u00f3rtola cursa actualmente el sexto a\u00f1o y realiza sus Pr\u00e1cticas Hospitalarias. Su desempe\u00f1o acad\u00e9mico se refleja en un promedio de 9,66, el m\u00e1s alto de su cohorte.<\/p>\n\n\n\n<p>Pero su recorrido no se limita a las aulas. Desde el Laboratorio de Investigaciones Bioqu\u00edmicas de la Facultad de Medicina (LIBIM-UNNE), donde se desempe\u00f1a como becaria de investigaci\u00f3n de pregrado, forma parte de un equipo interdisciplinario que estudia el papel de la inflamaci\u00f3n en el c\u00e1ncer colorrectal.<\/p>\n\n\n\n<p>Su trabajo busca comprender c\u00f3mo determinados genes vinculados con la respuesta inflamatoria intervienen en el microambiente tumoral y en el desarrollo y progresi\u00f3n de la enfermedad. El objetivo, a largo plazo, es aportar conocimiento que pueda contribuir al desarrollo de nuevas estrategias de prevenci\u00f3n, diagn\u00f3stico y tratamiento.<\/p>\n\n\n\n<p>Los resultados de este proyecto ya fueron presentados en la XXXI Reuni\u00f3n de Comunicaciones Cient\u00edficas y Tecnol\u00f3gicas de la UNNE, donde el trabajo obtuvo la distinci\u00f3n a Mejor P\u00f3ster.<\/p>\n\n\n\n<p>La distinci\u00f3n recibida por M\u00f3rtola se suma a otros reconocimientos que marcan su recorrido. En 2025 fue distinguida como \u201cJoven Ejemplar\u201d por el Honorable Concejo Deliberante de la Ciudad de Corrientes y, en 2024, fue seleccionada entre 16 j\u00f3venes de todo el pa\u00eds para participar del programa Friends of Fulbright.<\/p>\n\n\n\n<p>Su acercamiento a la investigaci\u00f3n comenz\u00f3 en 2020, ese a\u00f1o obtuvo una Medalla de Bronce en la Olimpiada Argentina de Biolog\u00eda, experiencia que le permiti\u00f3 acceder posteriormente a un intercambio acad\u00e9mico en la Universidad de Indiana, en Estados Unidos. All\u00ed profundiz\u00f3 sus conocimientos en \u00e1reas como Inmunolog\u00eda y Biolog\u00eda Molecular.<\/p>\n\n\n\n<p>A ese recorrido se suma una iniciativa propia que naci\u00f3 en 2021: @bioquimiqueando, un espacio creado para compartir recursos, oportunidades y contenidos destinados a estudiantes universitarios, adem\u00e1s de acercar las carreras cient\u00edficas a un p\u00fablico m\u00e1s amplio de una manera accesible.<\/p>\n\n\n\n<p>El reconocimiento a una joven que eligi\u00f3 hacer ciencia en Corrientes<\/p>\n\n\n\n<p>El programa \u201cJoven Honorable\u201d, surgido desde Senado Joven, busca reconocer a j\u00f3venes correntinos que se destacan por su trayectoria, esfuerzo, compromiso y aporte a la sociedad en diferentes \u00e1mbitos.<\/p>\n\n\n\n<p>En el caso de M\u00f3rtola, la distinci\u00f3n reconoce una trayectoria en la que convergen la excelencia acad\u00e9mica, la investigaci\u00f3n y la vocaci\u00f3n por contribuir desde la ciencia a la salud.<\/p>\n","protected":false},"excerpt":{"rendered":"<p>La estudiante avanzada de Bioqu\u00edmica de la UNNE, Luc\u00eda M\u00f3rtola recibi\u00f3 ayer el reconocimiento del Senado de Corrientes por su trayectoria acad\u00e9mica, su trabajo en investigaci\u00f3n y su compromiso con&hellip; <\/p>\n","protected":false},"author":3,"featured_media":269958,"comment_status":"closed","ping_status":"open","sticky":false,"template":"","format":"standard","meta":{"footnotes":""},"categories":[26],"tags":[],"class_list":["post-269957","post","type-post","status-publish","format-standard","has-post-thumbnail","hentry","category-destacados"],"_links":{"self":[{"href":"https:\/\/corrientesdetarde.com\/index.php\/wp-json\/wp\/v2\/posts\/269957","targetHints":{"allow":["GET"]}}],"collection":[{"href":"https:\/\/corrientesdetarde.com\/index.php\/wp-json\/wp\/v2\/posts"}],"about":[{"href":"https:\/\/corrientesdetarde.com\/index.php\/wp-json\/wp\/v2\/types\/post"}],"author":[{"embeddable":true,"href":"https:\/\/corrientesdetarde.com\/index.php\/wp-json\/wp\/v2\/users\/3"}],"replies":[{"embeddable":true,"href":"https:\/\/corrientesdetarde.com\/index.php\/wp-json\/wp\/v2\/comments?post=269957"}],"version-history":[{"count":1,"href":"https:\/\/corrientesdetarde.com\/index.php\/wp-json\/wp\/v2\/posts\/269957\/revisions"}],"predecessor-version":[{"id":269959,"href":"https:\/\/corrientesdetarde.com\/index.php\/wp-json\/wp\/v2\/posts\/269957\/revisions\/269959"}],"wp:featuredmedia":[{"embeddable":true,"href":"https:\/\/corrientesdetarde.com\/index.php\/wp-json\/wp\/v2\/media\/269958"}],"wp:attachment":[{"href":"https:\/\/corrientesdetarde.com\/index.php\/wp-json\/wp\/v2\/media?parent=269957"}],"wp:term":[{"taxonomy":"category","embeddable":true,"href":"https:\/\/corrientesdetarde.com\/index.php\/wp-json\/wp\/v2\/categories?post=269957"},{"taxonomy":"post_tag","embeddable":true,"href":"https:\/\/corrientesdetarde.com\/index.php\/wp-json\/wp\/v2\/tags?post=269957"}],"curies":[{"name":"wp","href":"https:\/\/api.w.org\/{rel}","templated":true}]}}