{"id":269976,"date":"2026-09-04T16:32:13","date_gmt":"2026-09-04T19:32:13","guid":{"rendered":"https:\/\/corrientesdetarde.com\/?p=269976"},"modified":"2026-09-04T16:32:25","modified_gmt":"2026-09-04T19:32:25","slug":"continuan-los-trabajos-municipales-de-mantenimiento-y-puesta-en-valor-del-corredor-belgrano","status":"publish","type":"post","link":"https:\/\/corrientesdetarde.com\/index.php\/locales\/continuan-los-trabajos-municipales-de-mantenimiento-y-puesta-en-valor-del-corredor-belgrano\/","title":{"rendered":"Contin\u00faan los trabajos municipales de mantenimiento y puesta en valor del corredor Belgrano"},"content":{"rendered":"\n<p>En la principal avenida de la ciudad se llevan adelante distintas tareas para mejorar y conservar el estado de las v\u00edas de tr\u00e1nsito como tambi\u00e9n fortalecer la seguridad para quienes transitan en el d\u00eda a d\u00eda por la zona. Se trata de un sector clave que une el recorrido desde el puente General Belgrano y la Ruta 12.<\/p>\n\n\n\n<p>La Municipalidad de Corrientes ejecuta un plan de mantenimiento y puesta en valor del corredor Belgrano, conformado por las avenidas 3 de Abril, Pedro Ferr\u00e9 e Independencia. Se trata de un sector urbano clave y altamente transitado en el d\u00eda a d\u00eda. Actualmente, se avanza en el sellado de juntas y fisuras en la calzada, adem\u00e1s del acondicionamiento de la estructura del alumbrado y los sem\u00e1foros.\u00a0<br><br>Este corredor funciona como la continuidad del puente interprovincial General Manuel Belgrano hasta empalmar con la Ruta Nacional N\u00b0 12 y es transitado por veh\u00edculos de distinto porte las 24 horas del d\u00eda. Por ello, la gesti\u00f3n municipal encabezada por Claudio Polich prioriza la conservaci\u00f3n del pavimento y la infraestructura complementaria para garantizar las condiciones de transitabilidad y fortalecer la seguridad vial en todo el sector.\u00a0<\/p>\n\n\n\n<figure class=\"wp-block-image size-full\"><img loading=\"lazy\" decoding=\"async\" width=\"850\" height=\"600\" src=\"https:\/\/corrientesdetarde.com\/wp-content\/uploads\/2026\/09\/image-72.png\" alt=\"\" class=\"wp-image-269983\" srcset=\"https:\/\/corrientesdetarde.com\/wp-content\/uploads\/2026\/09\/image-72.png 850w, https:\/\/corrientesdetarde.com\/wp-content\/uploads\/2026\/09\/image-72-300x212.png 300w, https:\/\/corrientesdetarde.com\/wp-content\/uploads\/2026\/09\/image-72-768x542.png 768w\" sizes=\"auto, (max-width: 850px) 100vw, 850px\" \/><\/figure>\n\n\n\n<p><br><br>Los trabajos se desarrollan desde la baja del puente interprovincial hasta la ronda de la Virgen de Itat\u00ed. Consisten en sellado de juntas, como tambi\u00e9n mantenimiento y pintura de las columnas de alumbrado y las estructuras de sem\u00e1foros.\u00a0<br><br>Las tareas avanzan de forma progresiva sobre el corredor y los sectores laterales, combinando trabajos de conservaci\u00f3n vial con el mantenimiento de la infraestructura urbana. \u00a0De esta forma, se busca contribuir a mejorar las condiciones generales de uno de los principales corredores de circulaci\u00f3n de la ciudad.<br><br>Este tipo de mejoras forman parte de una pol\u00edtica de inversi\u00f3n en infraestructura que se extiende no s\u00f3lo a la materia vial, como tambi\u00e9n en materia pluvial, energ\u00e9tica y en espacios p\u00fablicos en distintos puntos de la ciudad.<\/p>\n","protected":false},"excerpt":{"rendered":"<p>En la principal avenida de la ciudad se llevan adelante distintas tareas para mejorar y conservar el estado de las v\u00edas de tr\u00e1nsito como tambi\u00e9n fortalecer la seguridad para quienes&hellip; <\/p>\n","protected":false},"author":4,"featured_media":269982,"comment_status":"closed","ping_status":"open","sticky":false,"template":"","format":"standard","meta":{"footnotes":""},"categories":[8],"tags":[],"class_list":["post-269976","post","type-post","status-publish","format-standard","has-post-thumbnail","hentry","category-locales"],"_links":{"self":[{"href":"https:\/\/corrientesdetarde.com\/index.php\/wp-json\/wp\/v2\/posts\/269976","targetHints":{"allow":["GET"]}}],"collection":[{"href":"https:\/\/corrientesdetarde.com\/index.php\/wp-json\/wp\/v2\/posts"}],"about":[{"href":"https:\/\/corrientesdetarde.com\/index.php\/wp-json\/wp\/v2\/types\/post"}],"author":[{"embeddable":true,"href":"https:\/\/corrientesdetarde.com\/index.php\/wp-json\/wp\/v2\/users\/4"}],"replies":[{"embeddable":true,"href":"https:\/\/corrientesdetarde.com\/index.php\/wp-json\/wp\/v2\/comments?post=269976"}],"version-history":[{"count":1,"href":"https:\/\/corrientesdetarde.com\/index.php\/wp-json\/wp\/v2\/posts\/269976\/revisions"}],"predecessor-version":[{"id":269995,"href":"https:\/\/corrientesdetarde.com\/index.php\/wp-json\/wp\/v2\/posts\/269976\/revisions\/269995"}],"wp:featuredmedia":[{"embeddable":true,"href":"https:\/\/corrientesdetarde.com\/index.php\/wp-json\/wp\/v2\/media\/269982"}],"wp:attachment":[{"href":"https:\/\/corrientesdetarde.com\/index.php\/wp-json\/wp\/v2\/media?parent=269976"}],"wp:term":[{"taxonomy":"category","embeddable":true,"href":"https:\/\/corrientesdetarde.com\/index.php\/wp-json\/wp\/v2\/categories?post=269976"},{"taxonomy":"post_tag","embeddable":true,"href":"https:\/\/corrientesdetarde.com\/index.php\/wp-json\/wp\/v2\/tags?post=269976"}],"curies":[{"name":"wp","href":"https:\/\/api.w.org\/{rel}","templated":true}]}}