{"id":269977,"date":"2026-09-04T16:41:32","date_gmt":"2026-09-04T19:41:32","guid":{"rendered":"https:\/\/corrientesdetarde.com\/?p=269977"},"modified":"2026-09-04T16:46:10","modified_gmt":"2026-09-04T19:46:10","slug":"legislaturas-conectadas-salud-mental-y-prevencion-en-el-centro-de-la-agenda-federal-que-impulsa-corrientes","status":"publish","type":"post","link":"https:\/\/corrientesdetarde.com\/index.php\/eventos\/legislaturas-conectadas-salud-mental-y-prevencion-en-el-centro-de-la-agenda-federal-que-impulsa-corrientes\/","title":{"rendered":"LEGISLATURAS CONECTADAS: Salud mental y prevenci\u00f3n, en el centro de la agenda federal que impulsa Corrientes"},"content":{"rendered":"\n<p><\/p>\n\n\n\n<p>LA DIPUTADA ALBANA ROTELA PRESIDI\u00d3 LA COMISI\u00d3N FEDERAL DE SALUD Y BIENESTAR GENERAL, DONDE SE ABORDARON PROBLEM\u00c1TICAS DE SALUD MENTAL Y PREVENCI\u00d3N JUNTO A LEGISLADORES DE TODO EL PA\u00cdS. LOS DOCUMENTOS FUERON ELEVADOS AL SENADO DE LA NACI\u00d3N.<\/p>\n\n\n\n<p>La salud mental ocup\u00f3 un lugar central en el 10\u00b0 Encuentro de Comisiones Federales de Legislaturas Conectadas, una instancia que reuni\u00f3 a legisladores provinciales de todo el pa\u00eds y de la Ciudad Aut\u00f3noma de Buenos Aires para intercambiar experiencias, analizar problem\u00e1ticas comunes y avanzar en propuestas que puedan contribuir al desarrollo de pol\u00edticas p\u00fablicas.<br>La diputada provincial Albana Rotela particip\u00f3 de las jornadas y presidi\u00f3 la Comisi\u00f3n Federal de Salud y Bienestar General, desde donde se abordaron distintas situaciones que atraviesan especialmente a ni\u00f1os, ni\u00f1as y adolescentes. El trabajo concluy\u00f3 con la elaboraci\u00f3n de un documento que, junto con otro producido a partir de los aportes de la Red de Concejos Deliberantes, fue elevado al Senado de la Naci\u00f3n.<br>Rotela explic\u00f3 que la salud mental fue el eje principal de las discusiones y que, a partir de all\u00ed, se incorporaron problem\u00e1ticas que en los \u00faltimos a\u00f1os adquirieron una creciente relevancia social. Entre ellas mencion\u00f3 el bullying, el grooming y los consumos problem\u00e1ticos digitales, adem\u00e1s de la prevenci\u00f3n del suicidio.<br>La legisladora se\u00f1al\u00f3 que muchas de estas situaciones est\u00e1n estrechamente relacionadas y pueden generar consecuencias sobre el bienestar emocional de ni\u00f1os y adolescentes. El aislamiento, la angustia, la verg\u00fcenza y distintas formas de violencia pueden aparecer como consecuencia de experiencias de vulneraci\u00f3n, por lo que consider\u00f3 fundamental trabajar sobre la prevenci\u00f3n y la detecci\u00f3n temprana.<br>\u201cTenemos que adelantarnos a los hechos\u201d, sostuvo Rotela al referirse a la necesidad de fortalecer las pol\u00edticas p\u00fablicas vinculadas con la salud mental. En su planteo, la respuesta no debe limitarse a intervenir cuando una situaci\u00f3n cr\u00edtica ya se produjo, sino que debe incorporar herramientas de capacitaci\u00f3n, escucha, acompa\u00f1amiento y prevenci\u00f3n.<\/p>\n\n\n\n<figure class=\"wp-block-image size-large\"><img loading=\"lazy\" decoding=\"async\" width=\"1024\" height=\"669\" src=\"https:\/\/corrientesdetarde.com\/wp-content\/uploads\/2026\/09\/image-84-1024x669.png\" alt=\"\" class=\"wp-image-270004\" srcset=\"https:\/\/corrientesdetarde.com\/wp-content\/uploads\/2026\/09\/image-84-1024x669.png 1024w, https:\/\/corrientesdetarde.com\/wp-content\/uploads\/2026\/09\/image-84-300x196.png 300w, https:\/\/corrientesdetarde.com\/wp-content\/uploads\/2026\/09\/image-84-768x502.png 768w, https:\/\/corrientesdetarde.com\/wp-content\/uploads\/2026\/09\/image-84.png 1204w\" sizes=\"auto, (max-width: 1024px) 100vw, 1024px\" \/><\/figure>\n\n\n\n<p><br>La diputada tambi\u00e9n remarc\u00f3 que uno de los principales desaf\u00edos est\u00e1 relacionado con la dificultad para identificar determinados problemas de salud mental. Mientras algunas afecciones f\u00edsicas presentan s\u00edntomas evidentes, las situaciones vinculadas con la salud mental pueden permanecer ocultas durante largos per\u00edodos y resultar m\u00e1s dif\u00edciles de detectar para el entorno.<br>En este escenario, consider\u00f3 que las transformaciones tecnol\u00f3gicas agregan nuevos desaf\u00edos. El avance de las redes sociales, los dispositivos digitales y la inteligencia artificial genera oportunidades, pero tambi\u00e9n puede producir situaciones nocivas cuando no existen acompa\u00f1amiento, educaci\u00f3n y herramientas suficientes para enfrentar sus riesgos.<br>\u201cLo que puede ser muy bueno tambi\u00e9n puede ser muy nocivo\u201d, plante\u00f3 Rotela al analizar el impacto de los cambios tecnol\u00f3gicos sobre la vida cotidiana. La reflexi\u00f3n form\u00f3 parte de una discusi\u00f3n m\u00e1s amplia sobre la necesidad de adaptar las pol\u00edticas p\u00fablicas a nuevas formas de vinculaci\u00f3n y a problem\u00e1ticas que a\u00f1os atr\u00e1s no ten\u00edan la misma presencia.<br>Durante las jornadas tambi\u00e9n se compartieron experiencias desarrolladas en distintas provincias. Rotela destac\u00f3 el intercambio de legislaci\u00f3n y pol\u00edticas p\u00fablicas y mencion\u00f3, entre otros ejemplos, iniciativas vinculadas con la violencia escolar implementadas en Santa Fe.<\/p>\n\n\n\n<figure class=\"wp-block-image size-large\"><img loading=\"lazy\" decoding=\"async\" width=\"1024\" height=\"661\" src=\"https:\/\/corrientesdetarde.com\/wp-content\/uploads\/2026\/09\/image-85-1024x661.png\" alt=\"\" class=\"wp-image-270005\" srcset=\"https:\/\/corrientesdetarde.com\/wp-content\/uploads\/2026\/09\/image-85-1024x661.png 1024w, https:\/\/corrientesdetarde.com\/wp-content\/uploads\/2026\/09\/image-85-300x194.png 300w, https:\/\/corrientesdetarde.com\/wp-content\/uploads\/2026\/09\/image-85-768x496.png 768w, https:\/\/corrientesdetarde.com\/wp-content\/uploads\/2026\/09\/image-85.png 1202w\" sizes=\"auto, (max-width: 1024px) 100vw, 1024px\" \/><\/figure>\n\n\n\n<p><br>La posibilidad de conocer esas experiencias, explic\u00f3, permite que cada provincia pueda analizar herramientas que ya fueron aplicadas en otros territorios y evaluar su adaptaci\u00f3n a las necesidades locales. Para la legisladora, ese intercambio constituye uno de los principales aportes de Legislaturas Conectadas.<br>La participaci\u00f3n de Corrientes fue amplia y cont\u00f3 con representantes de ambas c\u00e1maras legislativas. La presencia de legisladores de distintas jurisdicciones permiti\u00f3, adem\u00e1s, dimensionar que las problem\u00e1ticas vinculadas con la salud mental y el suicidio no son situaciones aisladas de una provincia determinada, sino fen\u00f3menos que generan preocupaci\u00f3n en diferentes regiones del pa\u00eds.<br>En ese sentido, Rotela destac\u00f3 que durante el encuentro aparecieron experiencias y estad\u00edsticas de distintas provincias que mostraron una realidad com\u00fan. \u201cPor ah\u00ed uno cree que Corrientes es una isla y s\u00f3lo pasa en Corrientes\u201d, relat\u00f3, pero el intercambio con otros representantes permiti\u00f3 comprobar que las preocupaciones se repiten a lo largo del territorio nacional.<br>Uno de los aspectos que la diputada consider\u00f3 m\u00e1s relevantes fue que estos temas ya lograron instalarse dentro de la agenda legislativa. A su entender, el desaf\u00edo ahora consiste en transformar esa preocupaci\u00f3n en acciones concretas y en marcos normativos que permitan fortalecer la prevenci\u00f3n y el acompa\u00f1amiento.<br>La legisladora aclar\u00f3 que, por tratarse de representantes de las legislaturas provinciales, cada diputado o senador puede presentar iniciativas dentro de su propia jurisdicci\u00f3n, mientras que el trabajo desarrollado en Legislaturas Conectadas permite elevar documentos y propuestas al \u00e1mbito nacional. El objetivo es acercar las experiencias provinciales al Congreso y promover una mirada federal sobre aquellas cuestiones que requieren respuestas de alcance nacional.<br>\u201cHay temas importantes y temas urgentes. Estos dejaron de ser importantes, ya son urgentes. Es hoy\u201d, afirm\u00f3 Rotela, sintetizando el esp\u00edritu de las jornadas.<br>Para la diputada, el encuentro tambi\u00e9n permiti\u00f3 reafirmar el valor del federalismo como herramienta para construir pol\u00edticas p\u00fablicas a partir de las realidades concretas de cada territorio. Municipios y provincias pueden identificar problemas, compartir experiencias y llevar sus demandas a una discusi\u00f3n nacional.<br>En ese proceso, sostuvo, la prevenci\u00f3n de los problemas de salud mental requiere una responsabilidad compartida entre el Estado, las instituciones educativas, las familias y la sociedad en general. La prioridad, concluy\u00f3, debe estar puesta en escuchar, detectar tempranamente las situaciones de vulnerabilidad y generar redes de contenci\u00f3n antes de que las crisis se profundicen.<\/p>\n\n\n\n<figure class=\"wp-block-image size-large\"><img loading=\"lazy\" decoding=\"async\" width=\"1024\" height=\"678\" src=\"https:\/\/corrientesdetarde.com\/wp-content\/uploads\/2026\/09\/image-87-1024x678.png\" alt=\"\" class=\"wp-image-270007\" srcset=\"https:\/\/corrientesdetarde.com\/wp-content\/uploads\/2026\/09\/image-87-1024x678.png 1024w, https:\/\/corrientesdetarde.com\/wp-content\/uploads\/2026\/09\/image-87-300x199.png 300w, https:\/\/corrientesdetarde.com\/wp-content\/uploads\/2026\/09\/image-87-768x509.png 768w, https:\/\/corrientesdetarde.com\/wp-content\/uploads\/2026\/09\/image-87.png 1182w\" sizes=\"auto, (max-width: 1024px) 100vw, 1024px\" \/><\/figure>\n\n\n\n<figure class=\"wp-block-image size-large\"><img loading=\"lazy\" decoding=\"async\" width=\"1024\" height=\"675\" src=\"https:\/\/corrientesdetarde.com\/wp-content\/uploads\/2026\/09\/image-86-1024x675.png\" alt=\"\" class=\"wp-image-270006\" srcset=\"https:\/\/corrientesdetarde.com\/wp-content\/uploads\/2026\/09\/image-86-1024x675.png 1024w, https:\/\/corrientesdetarde.com\/wp-content\/uploads\/2026\/09\/image-86-300x198.png 300w, https:\/\/corrientesdetarde.com\/wp-content\/uploads\/2026\/09\/image-86-768x506.png 768w, https:\/\/corrientesdetarde.com\/wp-content\/uploads\/2026\/09\/image-86.png 1182w\" sizes=\"auto, (max-width: 1024px) 100vw, 1024px\" \/><\/figure>\n\n\n\n<figure class=\"wp-block-image size-large\"><img loading=\"lazy\" decoding=\"async\" width=\"1024\" height=\"694\" src=\"https:\/\/corrientesdetarde.com\/wp-content\/uploads\/2026\/09\/image-88-1024x694.png\" alt=\"\" class=\"wp-image-270008\" srcset=\"https:\/\/corrientesdetarde.com\/wp-content\/uploads\/2026\/09\/image-88-1024x694.png 1024w, https:\/\/corrientesdetarde.com\/wp-content\/uploads\/2026\/09\/image-88-300x203.png 300w, https:\/\/corrientesdetarde.com\/wp-content\/uploads\/2026\/09\/image-88-768x520.png 768w, https:\/\/corrientesdetarde.com\/wp-content\/uploads\/2026\/09\/image-88.png 1154w\" sizes=\"auto, (max-width: 1024px) 100vw, 1024px\" \/><\/figure>\n\n\n\n<figure class=\"wp-block-image size-large\"><img loading=\"lazy\" decoding=\"async\" width=\"1024\" height=\"713\" src=\"https:\/\/corrientesdetarde.com\/wp-content\/uploads\/2026\/09\/image-89-1024x713.png\" alt=\"\" class=\"wp-image-270009\" srcset=\"https:\/\/corrientesdetarde.com\/wp-content\/uploads\/2026\/09\/image-89-1024x713.png 1024w, https:\/\/corrientesdetarde.com\/wp-content\/uploads\/2026\/09\/image-89-300x209.png 300w, https:\/\/corrientesdetarde.com\/wp-content\/uploads\/2026\/09\/image-89-768x535.png 768w, https:\/\/corrientesdetarde.com\/wp-content\/uploads\/2026\/09\/image-89.png 1130w\" sizes=\"auto, (max-width: 1024px) 100vw, 1024px\" \/><\/figure>\n\n\n\n<figure class=\"wp-block-image size-large\"><img loading=\"lazy\" decoding=\"async\" width=\"1024\" height=\"697\" src=\"https:\/\/corrientesdetarde.com\/wp-content\/uploads\/2026\/09\/image-90-1024x697.png\" alt=\"\" class=\"wp-image-270010\" srcset=\"https:\/\/corrientesdetarde.com\/wp-content\/uploads\/2026\/09\/image-90-1024x697.png 1024w, https:\/\/corrientesdetarde.com\/wp-content\/uploads\/2026\/09\/image-90-300x204.png 300w, https:\/\/corrientesdetarde.com\/wp-content\/uploads\/2026\/09\/image-90-768x523.png 768w, https:\/\/corrientesdetarde.com\/wp-content\/uploads\/2026\/09\/image-90.png 1188w\" sizes=\"auto, (max-width: 1024px) 100vw, 1024px\" \/><\/figure>\n","protected":false},"excerpt":{"rendered":"<p>LA DIPUTADA ALBANA ROTELA PRESIDI\u00d3 LA COMISI\u00d3N FEDERAL DE SALUD Y BIENESTAR GENERAL, DONDE SE ABORDARON PROBLEM\u00c1TICAS DE SALUD MENTAL Y PREVENCI\u00d3N JUNTO A LEGISLADORES DE TODO EL PA\u00cdS. LOS&hellip; <\/p>\n","protected":false},"author":1,"featured_media":270007,"comment_status":"closed","ping_status":"open","sticky":false,"template":"","format":"standard","meta":{"footnotes":""},"categories":[22],"tags":[],"class_list":["post-269977","post","type-post","status-publish","format-standard","has-post-thumbnail","hentry","category-eventos"],"_links":{"self":[{"href":"https:\/\/corrientesdetarde.com\/index.php\/wp-json\/wp\/v2\/posts\/269977","targetHints":{"allow":["GET"]}}],"collection":[{"href":"https:\/\/corrientesdetarde.com\/index.php\/wp-json\/wp\/v2\/posts"}],"about":[{"href":"https:\/\/corrientesdetarde.com\/index.php\/wp-json\/wp\/v2\/types\/post"}],"author":[{"embeddable":true,"href":"https:\/\/corrientesdetarde.com\/index.php\/wp-json\/wp\/v2\/users\/1"}],"replies":[{"embeddable":true,"href":"https:\/\/corrientesdetarde.com\/index.php\/wp-json\/wp\/v2\/comments?post=269977"}],"version-history":[{"count":2,"href":"https:\/\/corrientesdetarde.com\/index.php\/wp-json\/wp\/v2\/posts\/269977\/revisions"}],"predecessor-version":[{"id":270018,"href":"https:\/\/corrientesdetarde.com\/index.php\/wp-json\/wp\/v2\/posts\/269977\/revisions\/270018"}],"wp:featuredmedia":[{"embeddable":true,"href":"https:\/\/corrientesdetarde.com\/index.php\/wp-json\/wp\/v2\/media\/270007"}],"wp:attachment":[{"href":"https:\/\/corrientesdetarde.com\/index.php\/wp-json\/wp\/v2\/media?parent=269977"}],"wp:term":[{"taxonomy":"category","embeddable":true,"href":"https:\/\/corrientesdetarde.com\/index.php\/wp-json\/wp\/v2\/categories?post=269977"},{"taxonomy":"post_tag","embeddable":true,"href":"https:\/\/corrientesdetarde.com\/index.php\/wp-json\/wp\/v2\/tags?post=269977"}],"curies":[{"name":"wp","href":"https:\/\/api.w.org\/{rel}","templated":true}]}}