{"id":269978,"date":"2026-09-04T16:32:23","date_gmt":"2026-09-04T19:32:23","guid":{"rendered":"https:\/\/corrientesdetarde.com\/?p=269978"},"modified":"2026-09-04T16:32:24","modified_gmt":"2026-09-04T19:32:24","slug":"propuesta-municipal-para-el-fin-de-semana-maraton-barrial-certamen-jacinto-mamuh-y-pena-destacan-en-la-agenda","status":"publish","type":"post","link":"https:\/\/corrientesdetarde.com\/index.php\/eventos\/propuesta-municipal-para-el-fin-de-semana-maraton-barrial-certamen-jacinto-mamuh-y-pena-destacan-en-la-agenda\/","title":{"rendered":"Propuesta municipal para el fin de semana: marat\u00f3n barrial, certamen Jacinto Mamuh y Pe\u00f1a destacan en la agenda"},"content":{"rendered":"\n<p><em>La Municipalidad prepar\u00f3 para las familias y visitantes diversas propuestas deportivas, culturales y recreativas para el s\u00e1bado y domingo. Todas con acceso libre y gratuito y distribuidas por distintos espacios verdes de la ciudad. Recorridos guiados, propuestas musicales y gastron\u00f3micas, y juegos para grandes y chicos, entre otras.<\/em><\/p>\n\n\n\n<p><\/p>\n\n\n\n<p>Para este s\u00e1bado 5 y domingo 6 de septiembre, la Municipalidad de Corrientes prepar\u00f3 una amplia oferta de actividades recreativas, culturales y deportivas para el disfrute de vecinos y visitantes. Todas las propuestas son de acceso libre y gratuito.<\/p>\n\n\n\n<p>Quienes deseen llevarse un obsequio \u00fanico hecho por manos artesanas correntinas est\u00e1 disponible la Feria de Artesanos, tanto el s\u00e1bado como el domingo, de 10 a 21 horas, en avenida Costanera Juan Pablo II y calle Necochea.<\/p>\n\n\n\n<p>Asimismo, para los vecinos y visitantes que quieran conocer un poco de la historia de Corrientes, podr\u00e1n hacerlo a trav\u00e9s de la propuesta: \u201cDescubr\u00ed Corrientes: Punta San Sebasti\u00e1n y plaza 25 de mayo, dos postales, una historia\u201d.<\/p>\n\n\n\n<p>El Punto de encuentro ser\u00e1 la Punta San Sebasti\u00e1n (avenida Costanera Gral. San Mart\u00edn y Tucum\u00e1n) a las 17.<\/p>\n\n\n\n<figure class=\"wp-block-image size-full\"><img loading=\"lazy\" decoding=\"async\" width=\"501\" height=\"674\" src=\"https:\/\/corrientesdetarde.com\/wp-content\/uploads\/2026\/09\/image-76.png\" alt=\"\" class=\"wp-image-269989\" srcset=\"https:\/\/corrientesdetarde.com\/wp-content\/uploads\/2026\/09\/image-76.png 501w, https:\/\/corrientesdetarde.com\/wp-content\/uploads\/2026\/09\/image-76-223x300.png 223w\" sizes=\"auto, (max-width: 501px) 100vw, 501px\" \/><\/figure>\n\n\n\n<p>En el barrio Molina Punta se llevar\u00e1 adelante una nueva jornada de Marat\u00f3n Barrial en la plaza Forte (Las Gardenias y Jos\u00e9 Negro). La acreditaci\u00f3n ser\u00e1 de 14:30 a 15:30; y la largada a las 16.<\/p>\n\n\n\n<figure class=\"wp-block-image size-full\"><img loading=\"lazy\" decoding=\"async\" width=\"498\" height=\"675\" src=\"https:\/\/corrientesdetarde.com\/wp-content\/uploads\/2026\/09\/image-77.png\" alt=\"\" class=\"wp-image-269990\" srcset=\"https:\/\/corrientesdetarde.com\/wp-content\/uploads\/2026\/09\/image-77.png 498w, https:\/\/corrientesdetarde.com\/wp-content\/uploads\/2026\/09\/image-77-221x300.png 221w\" sizes=\"auto, (max-width: 498px) 100vw, 498px\" \/><\/figure>\n\n\n\n<p>CERTAMEN BARRIAL<br>Este s\u00e1bado 5 de septiembre, desde las 16 se desarrollar\u00e1 una nueva instancia clasificatoria del certamen para descubrir nuevos talentos en m\u00fasica y danza. Ser\u00e1 en el barrio Laguna Seca, m\u00e1s precisamente en la plaza San Pantale\u00f3n.&nbsp;<\/p>\n\n\n\n<p>La jornada contar\u00e1 adem\u00e1s con un cierre musical y una intervenci\u00f3n art\u00edstica del reconocido m\u00fasico chamamecero y maestro Ra\u00fal Alonso, referente de distintas generaciones de artistas correntinos.<\/p>\n\n\n\n<p>Los artistas seleccionados durante las distintas jornadas avanzan hacia la gran final, prevista para el 24 de octubre.&nbsp;<\/p>\n\n\n\n<p>Entre los reconocimientos para los ganadores se encuentra la posibilidad de presentarse en la Fiesta Nacional del Chamam\u00e9 2027, adem\u00e1s de instrumentos musicales, equipos de sonido y otros importantes premios.<\/p>\n\n\n\n<figure class=\"wp-block-image size-full\"><img loading=\"lazy\" decoding=\"async\" width=\"495\" height=\"671\" src=\"https:\/\/corrientesdetarde.com\/wp-content\/uploads\/2026\/09\/image-78.png\" alt=\"\" class=\"wp-image-269991\" srcset=\"https:\/\/corrientesdetarde.com\/wp-content\/uploads\/2026\/09\/image-78.png 495w, https:\/\/corrientesdetarde.com\/wp-content\/uploads\/2026\/09\/image-78-221x300.png 221w\" sizes=\"auto, (max-width: 495px) 100vw, 495px\" \/><\/figure>\n\n\n\n<p>En tanto que el \u201cPatio Cervecero\u201d, a las 19, en el Paseo Terrazas del Paran\u00e1 (avenida Costanera Gral. San Mart\u00edn y Tom\u00e1s Edison) ser\u00e1 una interesante propuesta para quienes deseen degustar de cervezas artesanales, gastronom\u00eda y m\u00fasica en vivo.<\/p>\n\n\n\n<figure class=\"wp-block-image size-full\"><img loading=\"lazy\" decoding=\"async\" width=\"498\" height=\"663\" src=\"https:\/\/corrientesdetarde.com\/wp-content\/uploads\/2026\/09\/image-79.png\" alt=\"\" class=\"wp-image-269992\" srcset=\"https:\/\/corrientesdetarde.com\/wp-content\/uploads\/2026\/09\/image-79.png 498w, https:\/\/corrientesdetarde.com\/wp-content\/uploads\/2026\/09\/image-79-225x300.png 225w\" sizes=\"auto, (max-width: 498px) 100vw, 498px\" \/><\/figure>\n\n\n\n<p>DEPORTE Y RECREACI\u00d3N AL AIRE LIBRE<br>Asimismo, durante los d\u00edas s\u00e1bado y domingo el deporte copar\u00e1 los barrios con propuestas como:<\/p>\n\n\n\n<p>\u2022&nbsp;&nbsp; &nbsp;Deporte y Recreaci\u00f3n en el barrio Quintana: el s\u00e1bado y el domingo desde las 16 en la plaza de los Ex Combatientes de Malvinas (Av. Frondizi y Cangallo). Actividad gratuita.<\/p>\n\n\n\n<p>\u2022&nbsp;&nbsp; &nbsp;Zumba y Ritmos: el domingo 6 de septiembre en la plaza Ex COM del barrio Ba\u00f1ado Norte (V\u00e9lez Sarsfield y Guido Spano). Para Iniciales, a las 16 y para avanzados, a las 17. Actividad gratuita para todas las edades.<\/p>\n\n\n\n<p>\u2022&nbsp;&nbsp; &nbsp;F\u00fatbol Waliki en playa Arazaty: el domingo 6 de septiembre a las 16 en playa Arazaty I (avenida Costanera Juan Pablo II y Necochea) y f\u00fatbol tenis y tejo en el Camba Cu\u00e1 a las 16 en el Parque Camba Cu\u00e1 (Carlos Pellegrini entre Misiones y Chaco). Ambas actividades son gratuitas y para todas las edades.<\/p>\n\n\n\n<p>Adem\u00e1s, este domingo, desde las 16:30, en el anfiteatro Jos\u00e9 Hern\u00e1ndez se desarrollar\u00e1 una nueva edici\u00f3n de \u201cCiudad de Dise\u00f1o\u201d, un espacio que reunir\u00e1 a emprendedores y dise\u00f1adores locales con propuestas de objetos \u00fanicos, productos de autor y un sector gastron\u00f3mico.<\/p>\n\n\n\n<p>M\u00daSICA Y BAILE EN LA PLAZA DE LA TRADICI\u00d3N<br>Nuevamente la plaza de la Tradici\u00f3n del barrio San Ger\u00f3nimo (Av. Ra\u00fal Alfons\u00edn y Av. Laprida recibir\u00e1 a los amantes de la m\u00fasica y el baile.<\/p>\n\n\n\n<p>Participar\u00e1n en esta oportunidad: el D\u00fao Ram\u00edrez-N\u00fa\u00f1ez, Roc\u00edo de los Milagros y su conjunto, Agrupaci\u00f3n Los Mita\u00ed, Los Ahijados de los Chaque Che, Tono Ben\u00edtez y Los Criollos de Corrientes, Eric y Alex, la dupla chamamecera y Selva Guaran\u00ed.<\/p>\n\n\n\n<p>La propuesta se podr\u00e1 seguir en vivo a trav\u00e9s de Facebook.com\/CorrientesMun y el canal de YouTube de la Municipalidad de Corrientes.<\/p>\n","protected":false},"excerpt":{"rendered":"<p>La Municipalidad prepar\u00f3 para las familias y visitantes diversas propuestas deportivas, culturales y recreativas para el s\u00e1bado y domingo. Todas con acceso libre y gratuito y distribuidas por distintos espacios&hellip; <\/p>\n","protected":false},"author":1,"featured_media":269993,"comment_status":"closed","ping_status":"open","sticky":false,"template":"","format":"standard","meta":{"footnotes":""},"categories":[22],"tags":[],"class_list":["post-269978","post","type-post","status-publish","format-standard","has-post-thumbnail","hentry","category-eventos"],"_links":{"self":[{"href":"https:\/\/corrientesdetarde.com\/index.php\/wp-json\/wp\/v2\/posts\/269978","targetHints":{"allow":["GET"]}}],"collection":[{"href":"https:\/\/corrientesdetarde.com\/index.php\/wp-json\/wp\/v2\/posts"}],"about":[{"href":"https:\/\/corrientesdetarde.com\/index.php\/wp-json\/wp\/v2\/types\/post"}],"author":[{"embeddable":true,"href":"https:\/\/corrientesdetarde.com\/index.php\/wp-json\/wp\/v2\/users\/1"}],"replies":[{"embeddable":true,"href":"https:\/\/corrientesdetarde.com\/index.php\/wp-json\/wp\/v2\/comments?post=269978"}],"version-history":[{"count":1,"href":"https:\/\/corrientesdetarde.com\/index.php\/wp-json\/wp\/v2\/posts\/269978\/revisions"}],"predecessor-version":[{"id":269994,"href":"https:\/\/corrientesdetarde.com\/index.php\/wp-json\/wp\/v2\/posts\/269978\/revisions\/269994"}],"wp:featuredmedia":[{"embeddable":true,"href":"https:\/\/corrientesdetarde.com\/index.php\/wp-json\/wp\/v2\/media\/269993"}],"wp:attachment":[{"href":"https:\/\/corrientesdetarde.com\/index.php\/wp-json\/wp\/v2\/media?parent=269978"}],"wp:term":[{"taxonomy":"category","embeddable":true,"href":"https:\/\/corrientesdetarde.com\/index.php\/wp-json\/wp\/v2\/categories?post=269978"},{"taxonomy":"post_tag","embeddable":true,"href":"https:\/\/corrientesdetarde.com\/index.php\/wp-json\/wp\/v2\/tags?post=269978"}],"curies":[{"name":"wp","href":"https:\/\/api.w.org\/{rel}","templated":true}]}}