{"id":269996,"date":"2026-09-04T16:34:18","date_gmt":"2026-09-04T19:34:18","guid":{"rendered":"https:\/\/corrientesdetarde.com\/?p=269996"},"modified":"2026-09-04T16:34:30","modified_gmt":"2026-09-04T19:34:30","slug":"cielo-limpio-avanzo-con-otra-cuadra-en-el-despeje-de-cables-en-el-casco-historico","status":"publish","type":"post","link":"https:\/\/corrientesdetarde.com\/index.php\/actualidad\/cielo-limpio-avanzo-con-otra-cuadra-en-el-despeje-de-cables-en-el-casco-historico\/","title":{"rendered":"\u201cCielo Limpio\u201d avanz\u00f3 con otra cuadra en el despeje de cables en el casco hist\u00f3rico"},"content":{"rendered":"\n<p>Las tareas del Municipio continuaron este viernes con el retiro de tendidos en desuso sobre la calle Buenos Aires. Los trabajos, articulados con las empresas prestatarias de servicios, se iniciaron hace tres meses. Buscan reducir la contaminaci\u00f3n visual, reforzar la seguridad urbana y poner en valor la arquitectura patrimonial de la ciudad.<\/p>\n\n\n\n<p>En el marco del programa de ordenamiento urbano \u201cCielo Limpio\u201d, la Municipalidad de Corrientes ejecut\u00f3 en la ma\u00f1ana de este viernes una nueva jornada de despeje y reorganizaci\u00f3n de cableado a\u00e9reo. La intervenci\u00f3n se centr\u00f3 sobre la calle Buenos Aires, en el tramo comprendido entre Fray Jos\u00e9 de la Quintana y Pl\u00e1cido Mart\u00ednez.<\/p>\n\n\n\n<figure class=\"wp-block-image size-large\"><img loading=\"lazy\" decoding=\"async\" width=\"1024\" height=\"569\" src=\"https:\/\/corrientesdetarde.com\/wp-content\/uploads\/2026\/09\/image-81-1024x569.png\" alt=\"\" class=\"wp-image-269997\" srcset=\"https:\/\/corrientesdetarde.com\/wp-content\/uploads\/2026\/09\/image-81-1024x569.png 1024w, https:\/\/corrientesdetarde.com\/wp-content\/uploads\/2026\/09\/image-81-300x167.png 300w, https:\/\/corrientesdetarde.com\/wp-content\/uploads\/2026\/09\/image-81-768x427.png 768w, https:\/\/corrientesdetarde.com\/wp-content\/uploads\/2026\/09\/image-81-1536x854.png 1536w, https:\/\/corrientesdetarde.com\/wp-content\/uploads\/2026\/09\/image-81.png 1598w\" sizes=\"auto, (max-width: 1024px) 100vw, 1024px\" \/><\/figure>\n\n\n\n<p><br><br>La iniciativa, impulsada de forma conjunta entre diversas \u00e1reas de la Comuna y personal t\u00e9cnico de las empresas de servicios, tiene como finalidad identificar y retirar los tendidos fuera de uso, adem\u00e1s de emprolijar las l\u00edneas activas.\u00a0<br><br>Respecto al sector que rodea a la plaza 25 de Mayo, desde el \u00e1rea operativa aclararon que dicha cuadra no presenta cruces a\u00e9reos longitudinales, por lo que \u00fanicamente se realizaron correcciones en los trazados diagonales.<\/p>\n\n\n\n<figure class=\"wp-block-image size-large\"><img loading=\"lazy\" decoding=\"async\" width=\"1024\" height=\"679\" src=\"https:\/\/corrientesdetarde.com\/wp-content\/uploads\/2026\/09\/image-82-1024x679.png\" alt=\"\" class=\"wp-image-269998\" srcset=\"https:\/\/corrientesdetarde.com\/wp-content\/uploads\/2026\/09\/image-82-1024x679.png 1024w, https:\/\/corrientesdetarde.com\/wp-content\/uploads\/2026\/09\/image-82-300x199.png 300w, https:\/\/corrientesdetarde.com\/wp-content\/uploads\/2026\/09\/image-82-768x510.png 768w, https:\/\/corrientesdetarde.com\/wp-content\/uploads\/2026\/09\/image-82.png 1349w\" sizes=\"auto, (max-width: 1024px) 100vw, 1024px\" \/><\/figure>\n\n\n\n<p><br><br>CRONOGRAMA HASTA OCTUBRE<br><br>El plan de mitigaci\u00f3n de contaminaci\u00f3n visual registra antecedentes recientes en el casco hist\u00f3rico. El pasado 21 de agosto, los equipos municipales concretaron tareas similares sobre la calle Buenos Aires, entre 25 de Mayo y Carlos Pellegrini, sum\u00e1ndose a los operativos ya concretados en distintos tramos de las arterias Salta y 25 de Mayo.<br><br>Para dar continuidad al programa, la gesti\u00f3n del intendente, Claudi Polich, estableci\u00f3 un cronograma de intervenciones coordinadas que se extender\u00e1 durante los pr\u00f3ximos dos meses, sujetas a las condiciones clim\u00e1ticas.\u00a0<br><br>El pr\u00f3ximo viernes 18 de septiembre est\u00e1 previsto que las tareas se extiendan por calle La Rioja entre Placido Mart\u00ednez y 25 de Mayo.<br><br>Mientras que el 2 de octubre los trabajos se trasladar\u00e1n a calle La Rioja en el tramo comprendido por 25 de Mayo y Pellegrini.<br><br>En tanto que el 16 y 30 de octubre los agentes se apostar\u00e1n por San Juan para completar el tramo comprendido Fray Jos\u00e9 de la Quintana y Pellegrini.\u00a0<br><br>Desde la administraci\u00f3n municipal remarcaron que cada procedimiento exige una log\u00edstica y planificaci\u00f3n previa con las firmas telef\u00f3nicas y de cableoperadores, dada la complejidad t\u00e9cnica que implica trabajar sobre las redes activas sin interrumpir la prestaci\u00f3n a los usuarios.<\/p>\n","protected":false},"excerpt":{"rendered":"<p>Las tareas del Municipio continuaron este viernes con el retiro de tendidos en desuso sobre la calle Buenos Aires. Los trabajos, articulados con las empresas prestatarias de servicios, se iniciaron&hellip; <\/p>\n","protected":false},"author":4,"featured_media":269999,"comment_status":"closed","ping_status":"open","sticky":false,"template":"","format":"standard","meta":{"footnotes":""},"categories":[23],"tags":[],"class_list":["post-269996","post","type-post","status-publish","format-standard","has-post-thumbnail","hentry","category-actualidad"],"_links":{"self":[{"href":"https:\/\/corrientesdetarde.com\/index.php\/wp-json\/wp\/v2\/posts\/269996","targetHints":{"allow":["GET"]}}],"collection":[{"href":"https:\/\/corrientesdetarde.com\/index.php\/wp-json\/wp\/v2\/posts"}],"about":[{"href":"https:\/\/corrientesdetarde.com\/index.php\/wp-json\/wp\/v2\/types\/post"}],"author":[{"embeddable":true,"href":"https:\/\/corrientesdetarde.com\/index.php\/wp-json\/wp\/v2\/users\/4"}],"replies":[{"embeddable":true,"href":"https:\/\/corrientesdetarde.com\/index.php\/wp-json\/wp\/v2\/comments?post=269996"}],"version-history":[{"count":1,"href":"https:\/\/corrientesdetarde.com\/index.php\/wp-json\/wp\/v2\/posts\/269996\/revisions"}],"predecessor-version":[{"id":270000,"href":"https:\/\/corrientesdetarde.com\/index.php\/wp-json\/wp\/v2\/posts\/269996\/revisions\/270000"}],"wp:featuredmedia":[{"embeddable":true,"href":"https:\/\/corrientesdetarde.com\/index.php\/wp-json\/wp\/v2\/media\/269999"}],"wp:attachment":[{"href":"https:\/\/corrientesdetarde.com\/index.php\/wp-json\/wp\/v2\/media?parent=269996"}],"wp:term":[{"taxonomy":"category","embeddable":true,"href":"https:\/\/corrientesdetarde.com\/index.php\/wp-json\/wp\/v2\/categories?post=269996"},{"taxonomy":"post_tag","embeddable":true,"href":"https:\/\/corrientesdetarde.com\/index.php\/wp-json\/wp\/v2\/tags?post=269996"}],"curies":[{"name":"wp","href":"https:\/\/api.w.org\/{rel}","templated":true}]}}