{"id":270001,"date":"2026-09-04T16:42:04","date_gmt":"2026-09-04T19:42:04","guid":{"rendered":"https:\/\/corrientesdetarde.com\/?p=270001"},"modified":"2026-09-04T16:42:05","modified_gmt":"2026-09-04T19:42:05","slug":"especialista-nacional-diserto-sobre-derechos-del-consumidor-y-los-nuevos-desafios","status":"publish","type":"post","link":"https:\/\/corrientesdetarde.com\/index.php\/actualidad\/especialista-nacional-diserto-sobre-derechos-del-consumidor-y-los-nuevos-desafios\/","title":{"rendered":"Especialista nacional disert\u00f3 sobre Derechos \u00a0del Consumidor y los nuevos desaf\u00edos"},"content":{"rendered":"\n<p><strong>El presidente de la C\u00e1mara de Diputados &nbsp;Eduardo Tassano, resalt\u00f3 la importancia de promover el di\u00e1logo y la participaci\u00f3n de distintos sectores. El disertante Carlos Alfredo Hern\u00e1ndez abord\u00f3 temas legales y experiencias en distintos distritos nacionales e internacionales.&nbsp;<\/strong><\/p>\n\n\n\n<p><strong>__<\/strong><\/p>\n\n\n\n<p>Organizado por el Poder Legislativo se llev\u00f3 a cabo una jornada informativa, de an\u00e1lisis y reflexi\u00f3n en torno al proyecto de C\u00f3digo de Implementaci\u00f3n de los Derechos del Consumidor en el \u00e1mbito provincial que se encuentra en estudio parlamentario, oportunamente presentado por la Universidad Nacional del Nordeste.<\/p>\n\n\n\n<p>\u00a0La misma cont\u00f3 con la disertaci\u00f3n del Dr.<strong>Carlos Alfredo Hern\u00e1ndez, p<\/strong>residente del Instituto Argentino de Derecho del Consumidor, quien brind\u00f3 \u00a0una mirada actualizada sobre los desaf\u00edos en Argentina y sobre la experiencia comparada en materia de codificaci\u00f3n de los derechos en cuesti\u00f3n a nivel internacional y nacional.<\/p>\n\n\n\n<figure class=\"wp-block-image size-large\"><img loading=\"lazy\" decoding=\"async\" width=\"1024\" height=\"681\" src=\"https:\/\/corrientesdetarde.com\/wp-content\/uploads\/2026\/09\/image-83-1024x681.png\" alt=\"\" class=\"wp-image-270002\" srcset=\"https:\/\/corrientesdetarde.com\/wp-content\/uploads\/2026\/09\/image-83-1024x681.png 1024w, https:\/\/corrientesdetarde.com\/wp-content\/uploads\/2026\/09\/image-83-300x199.png 300w, https:\/\/corrientesdetarde.com\/wp-content\/uploads\/2026\/09\/image-83-768x511.png 768w, https:\/\/corrientesdetarde.com\/wp-content\/uploads\/2026\/09\/image-83.png 1369w\" sizes=\"auto, (max-width: 1024px) 100vw, 1024px\" \/><\/figure>\n\n\n\n<p>&nbsp;El presidente de la C\u00e1mara de Diputados<strong> Eduardo Tassano <\/strong>agradeci\u00f3 al disertante el aporte de conocimientos t\u00e9cnicos-doctrinarios que enriquecen el debate parlamentario y a los presentes la posibilidad de intercambiar ideas y experiencias.<\/p>\n\n\n\n<p>\u201cConsumidores somos todos\u201d, dijo Tassano para acentuar el concepto de \u201cdeuda pendiente\u201d desde lo parlamentario, considerando que es el momento de modernizar la legislaci\u00f3n. \u201c<strong>Estamos para aprender y para seguir trabajando el proyecto\u201d,<\/strong> concluy\u00f3.<\/p>\n\n\n\n<p>&nbsp;Entre otros asistieron: el ministro de Justicia y Derechos Humanos de la provincia de Corrientes es el doctor Juan Jos\u00e9 L\u00f3pez Desimoni, el vicedecano de la Facultad de Derecho de la UNNE Dr Dardo Ram\u00edrez Braschi y dem\u00e1s miembros de la casa acad\u00e9mica anfitriona, los miembros de la comisi\u00f3n de Defensa del Consumidor encabezados por su presidente Hugo Calvano; diputados y senadores de distintas bancadas parlamentarias, representantes de sectores empresariales e interesados en general.<\/p>\n\n\n\n<p>Durante la charla el disertante abord\u00f3 la cuesti\u00f3n desde los antecedentes legales nacionales e internacionales, especialmente referidos al Mercosur; la importancia de los principios y el contexto digital del momento a nivel mundial.<\/p>\n\n\n\n<p>\u201cNo se puede pensar a escala de conflictos individuales, porque afecta a miles, entonces, la cuesti\u00f3n requiere respuestas colectivas\u201d, coment\u00f3 para hablar de la \u201ceconom\u00eda de las plataformas\u201d y la tutela del consumidor adecuada a la tutela del ambiente.<\/p>\n\n\n\n<p>Aclar\u00f3 que \u201cno se trata de ampliar derechos sino de dotar de efectividad a los ya existentes\u201d desmitificando que una normativa provincial perjudique a alg\u00fan sector.<\/p>\n\n\n\n<p>Por \u00faltimo, felicit\u00f3 a la UNNE por la iniciativa parlamentaria y al Poder Legislativo por abrir el debate desde el conocimiento y las experiencias.<\/p>\n\n\n\n<p><strong>Del &nbsp;disertante<\/strong><\/p>\n\n\n\n<p>El Dr Carlos Alfredo Hern\u00e1ndez es abogado, profesor universitario (Titular Ordinario de Derecho de los Contratos y de Derecho del Consumidor en la Facultad de Derecho de la Universidad Nacional de Rosario (UNR) y en la Facultad de Derecho y Ciencias Sociales del Rosario de la Universidad Cat\u00f3lica Argentina (UCA)).<\/p>\n\n\n\n<p>Tambi\u00e9n es profesor de posgrado en carreras de doctorado, maestr\u00edas y especializaciones en diversas universidades nacionales y extranjeras.<\/p>\n\n\n\n<p>Adem\u00e1s de presidente del Instituto Argentino de Derecho del Consumidor (IADC) es miembro de los grupos de trabajo de redacci\u00f3n del C\u00f3digo Civil y Comercial de la Naci\u00f3n, y miembro y coordinador de la Comisi\u00f3n redactora del Anteproyecto de C\u00f3digo de Defensa del Consumidor elevado en diciembre de 2018 a los Ministerios de Justicia y Derechos Humanos, y de Producci\u00f3n y Trabajo de la Naci\u00f3n.<\/p>\n\n\n\n<p>Es autor y coautor de numerosos libros y cap\u00edtulos de libros, entre ellos &#8220;Tratado de Derecho del Consumidor&#8221; (La Ley) y &#8220;Fundamentos de Derecho Contractual&#8221; (La Ley), as\u00ed como de m\u00e1s de doscientos trabajos publicados en el pa\u00eds y en el extranjero, entre otros \u00edtems de un largo curr\u00edculum.&nbsp;<\/p>\n","protected":false},"excerpt":{"rendered":"<p>El presidente de la C\u00e1mara de Diputados &nbsp;Eduardo Tassano, resalt\u00f3 la importancia de promover el di\u00e1logo y la participaci\u00f3n de distintos sectores. El disertante Carlos Alfredo Hern\u00e1ndez abord\u00f3 temas legales&hellip; <\/p>\n","protected":false},"author":4,"featured_media":270003,"comment_status":"closed","ping_status":"open","sticky":false,"template":"","format":"standard","meta":{"footnotes":""},"categories":[23],"tags":[],"class_list":["post-270001","post","type-post","status-publish","format-standard","has-post-thumbnail","hentry","category-actualidad"],"_links":{"self":[{"href":"https:\/\/corrientesdetarde.com\/index.php\/wp-json\/wp\/v2\/posts\/270001","targetHints":{"allow":["GET"]}}],"collection":[{"href":"https:\/\/corrientesdetarde.com\/index.php\/wp-json\/wp\/v2\/posts"}],"about":[{"href":"https:\/\/corrientesdetarde.com\/index.php\/wp-json\/wp\/v2\/types\/post"}],"author":[{"embeddable":true,"href":"https:\/\/corrientesdetarde.com\/index.php\/wp-json\/wp\/v2\/users\/4"}],"replies":[{"embeddable":true,"href":"https:\/\/corrientesdetarde.com\/index.php\/wp-json\/wp\/v2\/comments?post=270001"}],"version-history":[{"count":1,"href":"https:\/\/corrientesdetarde.com\/index.php\/wp-json\/wp\/v2\/posts\/270001\/revisions"}],"predecessor-version":[{"id":270012,"href":"https:\/\/corrientesdetarde.com\/index.php\/wp-json\/wp\/v2\/posts\/270001\/revisions\/270012"}],"wp:featuredmedia":[{"embeddable":true,"href":"https:\/\/corrientesdetarde.com\/index.php\/wp-json\/wp\/v2\/media\/270003"}],"wp:attachment":[{"href":"https:\/\/corrientesdetarde.com\/index.php\/wp-json\/wp\/v2\/media?parent=270001"}],"wp:term":[{"taxonomy":"category","embeddable":true,"href":"https:\/\/corrientesdetarde.com\/index.php\/wp-json\/wp\/v2\/categories?post=270001"},{"taxonomy":"post_tag","embeddable":true,"href":"https:\/\/corrientesdetarde.com\/index.php\/wp-json\/wp\/v2\/tags?post=270001"}],"curies":[{"name":"wp","href":"https:\/\/api.w.org\/{rel}","templated":true}]}}