{"id":270019,"date":"2026-09-04T16:47:00","date_gmt":"2026-09-04T19:47:00","guid":{"rendered":"https:\/\/corrientesdetarde.com\/?p=270019"},"modified":"2026-09-04T16:47:06","modified_gmt":"2026-09-04T19:47:06","slug":"la-dpec-realizara-trabajos-de-mejoras-en-capital-y-el-interior-de-la-provincia-37","status":"publish","type":"post","link":"https:\/\/corrientesdetarde.com\/index.php\/destacados\/la-dpec-realizara-trabajos-de-mejoras-en-capital-y-el-interior-de-la-provincia-37\/","title":{"rendered":"La DPEC realizar\u00e1 trabajos de mejoras en Capital y el interior de la provincia"},"content":{"rendered":"\n<p><em>La Direcci\u00f3n Provincial de Energ\u00eda de Corrientes comunica que, por ejecutar diversos trabajos de mantenimiento para la mejora del servicio en la ciudad Capital, Santa Ana, Goya, Gobernador Mart\u00ednez y Mercedes, se interrumpir\u00e1 el suministro de energ\u00eda el\u00e9ctrica entre los d\u00edas s\u00e1bado 5, domingo 6, lunes 7, martes 8, mi\u00e9rcoles 9, jueves 10, viernes 11, s\u00e1bado 12, domingo 13, lunes 14, martes 15 y mi\u00e9rcoles 16 de septiembre de 2026.<\/em><\/p>\n\n\n\n<p>Es por eso que, en la ciudad Capital, la Direcci\u00f3n Provincial de Energ\u00eda de Corrientes (DPEC), ejecutar\u00e1 tareas de mantenimiento de L\u00edneas de Media Tensi\u00f3n y por tal motivo, interrumpir\u00e1 el suministro de energ\u00eda el\u00e9ctrica, el s\u00e1bado 5 de septiembre de 2026 en el horario de 08:00 a 13:00, en las zonas del Parque Industrial \u201cSanta Catalina\u201d y zonas de influencia, mientras que el lunes 7 de septiembre de 2026 trabajar\u00e1 de 08:00 a 12:00 hs, en las zonas de los barrios Independencia, Tres de Abril y zonas de influencia y de 09:00 a 14:00 hs en las zonas de los barrios Santa Catalina (Procrear), F\u00e1brica de Ca\u00f1os, R\u00edo Paran\u00e1 y zonas de influencia. &nbsp;<\/p>\n\n\n\n<p>Adem\u00e1s, informa que, con motivo de realizar mejoras en el servicio, se ejecutar\u00e1n tareas de mantenimiento de subestaciones transformadoras a\u00e9reas, por lo cual se interrumpir\u00e1 el suministro de energ\u00eda el\u00e9ctrica en la localidad de Santa Ana, el lunes 7 de septiembre de 2026, en el horario de 08:00 a 12:00 en las zonas de los barrios Aranduroga, Av\u00edcola Santa Ana, Mari\u00f1o, Colonia Mar\u00eda Esther, Tierra Hermosa, Lomas Santa Ana, Los Frutales, \u00d1and\u00e9, Parque del Recuerdo y zonas de influencia.<\/p>\n\n\n\n<p>Tambi\u00e9n, en la localidad de Goya, la Direcci\u00f3n Provincial de Energ\u00eda de Corrientes (DPEC), informa que, con motivo de realizar mejoras en el servicio, se ejecutar\u00e1n tareas de mantenimiento de equipos de Media Tensi\u00f3n, por lo cual se interrumpir\u00e1 el suministro de energ\u00eda el\u00e9ctrica el domingo 6 de septiembre de 2026 de 08:00 a 12:00 hs, en las zonas de los barrios Centro, Malvinas, San Cayetano, Av. Madariaga y Col\u00f3n y zonas de influencia.<\/p>\n\n\n\n<p>Asimismo, informa que, con motivo de realizar mejoras en el servicio, se ejecutar\u00e1n tareas de mantenimiento de L\u00edneas de Media Tensi\u00f3n, por lo cual se interrumpir\u00e1 el suministro de energ\u00eda el\u00e9ctrica en la localidad de Gobernador Mart\u00ednez, el d\u00eda s\u00e1bado 5 de septiembre de 2026, en el horario de 08:00 a 12:00 en las zonas de Av. San Mart\u00edn hasta calle Coronel Rojas, calle Artaza hasta Quintana, Pje. La Casualidad, Pje. Gallino y zonas de influencia.<\/p>\n\n\n\n<p>Por otro lado, comunica que, con motivo de realizar mejoras en el servicio en la localidad de Mercedes, se ejecutar\u00e1n tareas de habilitaci\u00f3n de L\u00ednea doble terna, por lo cual se interrumpir\u00e1 el suministro de energ\u00eda el\u00e9ctrica los d\u00edas lunes 7, martes 8, mi\u00e9rcoles 9, jueves 10, viernes 11, s\u00e1bado 12, domingo 13, lunes 14, martes 15 y mi\u00e9rcoles 16 de septiembre de 2026, en el horario de 08:00 a 16:00, en las zonas de la Ruta N\u00b0 132, Molinos Libres y zonas de influencia.<\/p>\n","protected":false},"excerpt":{"rendered":"<p>La Direcci\u00f3n Provincial de Energ\u00eda de Corrientes comunica que, por ejecutar diversos trabajos de mantenimiento para la mejora del servicio en la ciudad Capital, Santa Ana, Goya, Gobernador Mart\u00ednez y&hellip; <\/p>\n","protected":false},"author":4,"featured_media":235837,"comment_status":"closed","ping_status":"open","sticky":false,"template":"","format":"standard","meta":{"footnotes":""},"categories":[26],"tags":[],"class_list":["post-270019","post","type-post","status-publish","format-standard","has-post-thumbnail","hentry","category-destacados"],"_links":{"self":[{"href":"https:\/\/corrientesdetarde.com\/index.php\/wp-json\/wp\/v2\/posts\/270019","targetHints":{"allow":["GET"]}}],"collection":[{"href":"https:\/\/corrientesdetarde.com\/index.php\/wp-json\/wp\/v2\/posts"}],"about":[{"href":"https:\/\/corrientesdetarde.com\/index.php\/wp-json\/wp\/v2\/types\/post"}],"author":[{"embeddable":true,"href":"https:\/\/corrientesdetarde.com\/index.php\/wp-json\/wp\/v2\/users\/4"}],"replies":[{"embeddable":true,"href":"https:\/\/corrientesdetarde.com\/index.php\/wp-json\/wp\/v2\/comments?post=270019"}],"version-history":[{"count":1,"href":"https:\/\/corrientesdetarde.com\/index.php\/wp-json\/wp\/v2\/posts\/270019\/revisions"}],"predecessor-version":[{"id":270020,"href":"https:\/\/corrientesdetarde.com\/index.php\/wp-json\/wp\/v2\/posts\/270019\/revisions\/270020"}],"wp:featuredmedia":[{"embeddable":true,"href":"https:\/\/corrientesdetarde.com\/index.php\/wp-json\/wp\/v2\/media\/235837"}],"wp:attachment":[{"href":"https:\/\/corrientesdetarde.com\/index.php\/wp-json\/wp\/v2\/media?parent=270019"}],"wp:term":[{"taxonomy":"category","embeddable":true,"href":"https:\/\/corrientesdetarde.com\/index.php\/wp-json\/wp\/v2\/categories?post=270019"},{"taxonomy":"post_tag","embeddable":true,"href":"https:\/\/corrientesdetarde.com\/index.php\/wp-json\/wp\/v2\/tags?post=270019"}],"curies":[{"name":"wp","href":"https:\/\/api.w.org\/{rel}","templated":true}]}}