{"id":270021,"date":"2026-09-04T17:39:26","date_gmt":"2026-09-04T20:39:26","guid":{"rendered":"https:\/\/corrientesdetarde.com\/?p=270021"},"modified":"2026-09-04T17:39:37","modified_gmt":"2026-09-04T20:39:37","slug":"detienen-a-un-caco-de-19-anos-y-recuperan-elementos-sustraidos-de-una-vivienda-gracias-a-las-camaras-de-seguridad","status":"publish","type":"post","link":"https:\/\/corrientesdetarde.com\/index.php\/policiales\/detienen-a-un-caco-de-19-anos-y-recuperan-elementos-sustraidos-de-una-vivienda-gracias-a-las-camaras-de-seguridad\/","title":{"rendered":"Detienen a un caco de 19 a\u00f1os y recuperan elementos sustra\u00eddos de una vivienda gracias a las c\u00e1maras de seguridad"},"content":{"rendered":"\n<p>El propietario detect\u00f3 la intrusi\u00f3n a trav\u00e9s de su sistema de videovigilancia y dio aviso inmediato a los uniformados. Efectivos de la Comisar\u00eda 23\u00aa recuperaron una computadora port\u00e1til y un celular que el sospechoso intentaba llevarse.<\/p>\n\n\n\n<p>Efectivos policiales de la Comisar\u00eda Vig\u00e9simo Tercera Urbana detuvieron en la tarde de ayer jueves 3 de septiembre a un joven que hab\u00eda ingresado a una propiedad del barrio Santa Catalina con intenciones de robo. El r\u00e1pido accionar de la fuerza permiti\u00f3 frustrar el delito y recuperar la totalidad de los bienes.<\/p>\n\n\n\n<p>El hecho tuvo lugar en una vivienda ubicada en las inmediaciones de la calle Cochabamba y la avenida Santa Catalina. La detenci\u00f3n del presunto delincuente se concret\u00f3 luego de que se activara un sistema de alarma de seguridad y el due\u00f1o de casa observara, en tiempo real a trav\u00e9s de las c\u00e1maras de vigilancia, el ingreso del sujeto a su hogar.<\/p>\n\n\n\n<figure class=\"wp-block-image\"><img decoding=\"async\" src=\"https:\/\/www.lt7noticias.com\/content\/bucket\/0\/87600w790h545c.jpg.webp\" alt=\"\"\/><\/figure>\n\n\n\n<p>Tras recibir el aviso inmediato del propietario, el personal policial acudi\u00f3 r\u00e1pidamente al lugar y logr\u00f3 interceptar y aprehender al sospechoso en las inmediaciones del domicilio. Al momento de la requisa, los uniformados constataron que el joven, de 19 a\u00f1os de edad, ten\u00eda en su poder una computadora port\u00e1til y un tel\u00e9fono celular. Ambos elementos fueron posteriormente reconocidos por el damnificado como de su pertenencia.<\/p>\n\n\n\n<p>Tanto el joven aprehendido como los objetos recuperados fueron puestos a disposici\u00f3n de la Justicia, mientras que en la dependencia policial de jurisdicci\u00f3n se contin\u00faan realizando las diligencias y tr\u00e1mites correspondientes.<\/p>\n","protected":false},"excerpt":{"rendered":"<p>El propietario detect\u00f3 la intrusi\u00f3n a trav\u00e9s de su sistema de videovigilancia y dio aviso inmediato a los uniformados. Efectivos de la Comisar\u00eda 23\u00aa recuperaron una computadora port\u00e1til y un&hellip; <\/p>\n","protected":false},"author":4,"featured_media":270022,"comment_status":"closed","ping_status":"open","sticky":false,"template":"","format":"standard","meta":{"footnotes":""},"categories":[33],"tags":[],"class_list":["post-270021","post","type-post","status-publish","format-standard","has-post-thumbnail","hentry","category-policiales"],"_links":{"self":[{"href":"https:\/\/corrientesdetarde.com\/index.php\/wp-json\/wp\/v2\/posts\/270021","targetHints":{"allow":["GET"]}}],"collection":[{"href":"https:\/\/corrientesdetarde.com\/index.php\/wp-json\/wp\/v2\/posts"}],"about":[{"href":"https:\/\/corrientesdetarde.com\/index.php\/wp-json\/wp\/v2\/types\/post"}],"author":[{"embeddable":true,"href":"https:\/\/corrientesdetarde.com\/index.php\/wp-json\/wp\/v2\/users\/4"}],"replies":[{"embeddable":true,"href":"https:\/\/corrientesdetarde.com\/index.php\/wp-json\/wp\/v2\/comments?post=270021"}],"version-history":[{"count":1,"href":"https:\/\/corrientesdetarde.com\/index.php\/wp-json\/wp\/v2\/posts\/270021\/revisions"}],"predecessor-version":[{"id":270023,"href":"https:\/\/corrientesdetarde.com\/index.php\/wp-json\/wp\/v2\/posts\/270021\/revisions\/270023"}],"wp:featuredmedia":[{"embeddable":true,"href":"https:\/\/corrientesdetarde.com\/index.php\/wp-json\/wp\/v2\/media\/270022"}],"wp:attachment":[{"href":"https:\/\/corrientesdetarde.com\/index.php\/wp-json\/wp\/v2\/media?parent=270021"}],"wp:term":[{"taxonomy":"category","embeddable":true,"href":"https:\/\/corrientesdetarde.com\/index.php\/wp-json\/wp\/v2\/categories?post=270021"},{"taxonomy":"post_tag","embeddable":true,"href":"https:\/\/corrientesdetarde.com\/index.php\/wp-json\/wp\/v2\/tags?post=270021"}],"curies":[{"name":"wp","href":"https:\/\/api.w.org\/{rel}","templated":true}]}}