{"id":270027,"date":"2026-09-04T17:47:40","date_gmt":"2026-09-04T20:47:40","guid":{"rendered":"https:\/\/corrientesdetarde.com\/?p=270027"},"modified":"2026-09-04T17:47:46","modified_gmt":"2026-09-04T20:47:46","slug":"vandalismo-en-plazas-destrozan-luminarias-y-ponen-en-riesgo-a-los-vecinos","status":"publish","type":"post","link":"https:\/\/corrientesdetarde.com\/index.php\/policiales\/vandalismo-en-plazas-destrozan-luminarias-y-ponen-en-riesgo-a-los-vecinos\/","title":{"rendered":"Vandalismo en plazas: destrozan luminarias y ponen en riesgo a los vecinos"},"content":{"rendered":"\n<p>Detectaron destrozos en los sistemas de iluminaci\u00f3n de las plazas La Cruz y Belgrano. Fueron vandalizadas dejando el cableado de alimentaci\u00f3n al descubierto.<\/p>\n\n\n\n<p>Entre ayer y hoy se detectaron destrozos en los sistemas de iluminaci\u00f3n de las plazas La Cruz (4 luminarias) y Belgrano (2 luminarias), las cuales fueron vandalizadas dejando el cableado de alimentaci\u00f3n al descubierto.<\/p>\n\n\n\n<p>Este episodio se suma a la seguidilla de robos de cables que se vienen registrando en distintos puntos de la ciudad. El problema no radica \u00fanicamente en los costos de reposici\u00f3n que debe afrontar el Municipio, sino en el peligro extremo que representa. Los cables expuestos con tensi\u00f3n generan un riesgo real de electrocuci\u00f3n para quienes transitan por la zona.<\/p>\n\n\n\n<figure class=\"wp-block-image\"><img decoding=\"async\" src=\"https:\/\/www.diarioepoca.com\/content\/bucket\/6\/1507126w380h676c.jpg.webp\" alt=\"\"\/><\/figure>\n\n\n\n<p>Por el hecho, se radic\u00f3 la denuncia correspondiente en la Comisar\u00eda Seccional Primera, bajo el Legajo de Investigaci\u00f3n Fiscal N\u00b0 214723\/2026.<\/p>\n\n\n\n<p>Se solicita a los vecinos que, ante cualquier movimiento sospechoso o manipulaci\u00f3n del alumbrado p\u00fablico, realicen la denuncia inmediata al 147 o a la l\u00ednea policial.<\/p>\n","protected":false},"excerpt":{"rendered":"<p>Detectaron destrozos en los sistemas de iluminaci\u00f3n de las plazas La Cruz y Belgrano. Fueron vandalizadas dejando el cableado de alimentaci\u00f3n al descubierto. Entre ayer y hoy se detectaron destrozos&hellip; <\/p>\n","protected":false},"author":4,"featured_media":270028,"comment_status":"closed","ping_status":"open","sticky":false,"template":"","format":"standard","meta":{"footnotes":""},"categories":[33],"tags":[],"class_list":["post-270027","post","type-post","status-publish","format-standard","has-post-thumbnail","hentry","category-policiales"],"_links":{"self":[{"href":"https:\/\/corrientesdetarde.com\/index.php\/wp-json\/wp\/v2\/posts\/270027","targetHints":{"allow":["GET"]}}],"collection":[{"href":"https:\/\/corrientesdetarde.com\/index.php\/wp-json\/wp\/v2\/posts"}],"about":[{"href":"https:\/\/corrientesdetarde.com\/index.php\/wp-json\/wp\/v2\/types\/post"}],"author":[{"embeddable":true,"href":"https:\/\/corrientesdetarde.com\/index.php\/wp-json\/wp\/v2\/users\/4"}],"replies":[{"embeddable":true,"href":"https:\/\/corrientesdetarde.com\/index.php\/wp-json\/wp\/v2\/comments?post=270027"}],"version-history":[{"count":1,"href":"https:\/\/corrientesdetarde.com\/index.php\/wp-json\/wp\/v2\/posts\/270027\/revisions"}],"predecessor-version":[{"id":270029,"href":"https:\/\/corrientesdetarde.com\/index.php\/wp-json\/wp\/v2\/posts\/270027\/revisions\/270029"}],"wp:featuredmedia":[{"embeddable":true,"href":"https:\/\/corrientesdetarde.com\/index.php\/wp-json\/wp\/v2\/media\/270028"}],"wp:attachment":[{"href":"https:\/\/corrientesdetarde.com\/index.php\/wp-json\/wp\/v2\/media?parent=270027"}],"wp:term":[{"taxonomy":"category","embeddable":true,"href":"https:\/\/corrientesdetarde.com\/index.php\/wp-json\/wp\/v2\/categories?post=270027"},{"taxonomy":"post_tag","embeddable":true,"href":"https:\/\/corrientesdetarde.com\/index.php\/wp-json\/wp\/v2\/tags?post=270027"}],"curies":[{"name":"wp","href":"https:\/\/api.w.org\/{rel}","templated":true}]}}