{"id":270044,"date":"2026-09-05T08:20:00","date_gmt":"2026-09-05T11:20:00","guid":{"rendered":"https:\/\/corrientesdetarde.com\/?p=270044"},"modified":"2026-09-05T10:59:39","modified_gmt":"2026-09-05T13:59:39","slug":"una-escuela-de-corrientes-prohibira-los-celulares-en-las-aulas","status":"publish","type":"post","link":"https:\/\/corrientesdetarde.com\/index.php\/interior\/una-escuela-de-corrientes-prohibira-los-celulares-en-las-aulas\/","title":{"rendered":"Una escuela de Corrientes prohibir\u00e1 los celulares en las aulas."},"content":{"rendered":"\n<h2 class=\"wp-block-heading\">La medida comenzar\u00e1 a regir el 7 de septiembre para los estudiantes del nivel secundario. La instituci\u00f3n busca mejorar la concentraci\u00f3n, la participaci\u00f3n y el clima de estudio, y pidi\u00f3 a las familias acompa\u00f1ar la nueva normativa.<\/h2>\n\n\n\n<p>A partir de este lunes 7 de septiembre, los estudiantes del nivel secundario de la Escuela Normal &#8220;Dr. Mariano I. Loza&#8221; de Goya no podr\u00e1n ingresar ni utilizar tel\u00e9fonos celulares durante el desarrollo de las clases.<ins><\/ins><\/p>\n\n\n\n<p>La decisi\u00f3n fue comunicada formalmente por el equipo directivo a la comunidad educativa y responde, seg\u00fan explicaron desde la instituci\u00f3n, a distintas inquietudes planteadas durante los encuentros mantenidos con las familias.<ins><\/ins><\/p>\n\n\n\n<p>El objetivo central de la nueva normativa es favorecer la concentraci\u00f3n de los alumnos, incrementar su participaci\u00f3n en el aula y fortalecer un adecuado clima de estudio. De esta manera, la escuela busca evitar que el uso de dispositivos m\u00f3viles interfiera en el proceso de ense\u00f1anza y aprendizaje.<\/p>\n\n\n\n<h2 class=\"wp-block-heading\">El acompa\u00f1amiento de las familias<\/h2>\n\n\n\n<p>Desde la instituci\u00f3n remarcaron que la implementaci\u00f3n de la medida requerir\u00e1 del compromiso y acompa\u00f1amiento de los padres y tutores. En ese sentido, destacaron la importancia del trabajo conjunto entre las familias y la escuela para sostener las pautas de convivencia y favorecer el desarrollo de los estudiantes en el nivel secundario.<\/p>\n\n\n\n<p>Adem\u00e1s, el comunicado establece un mecanismo espec\u00edfico para las situaciones de urgencia que puedan surgir durante el horario escolar.<\/p>\n\n\n\n<p>En esos casos, las familias deber\u00e1n comunicarse exclusivamente con el cuerpo de preceptores de la instituci\u00f3n, que ser\u00e1 el encargado de transmitir la informaci\u00f3n a los alumnos. De esta manera, se busca evitar llamados o mensajes directos a los tel\u00e9fonos celulares de los estudiantes durante la jornada escolar.<\/p>\n\n\n\n<p>La medida comenzar\u00e1 a aplicarse desde el lunes 7 de septiembre y alcanzar\u00e1 a los alumnos del nivel secundario de la Escuela Normal de Goya.<\/p>\n","protected":false},"excerpt":{"rendered":"<p>La medida comenzar\u00e1 a regir el 7 de septiembre para los estudiantes del nivel secundario. La instituci\u00f3n busca mejorar la concentraci\u00f3n, la participaci\u00f3n y el clima de estudio, y pidi\u00f3&hellip; <\/p>\n","protected":false},"author":6,"featured_media":270045,"comment_status":"closed","ping_status":"open","sticky":false,"template":"","format":"standard","meta":{"footnotes":""},"categories":[1658],"tags":[],"class_list":["post-270044","post","type-post","status-publish","format-standard","has-post-thumbnail","hentry","category-interior"],"_links":{"self":[{"href":"https:\/\/corrientesdetarde.com\/index.php\/wp-json\/wp\/v2\/posts\/270044","targetHints":{"allow":["GET"]}}],"collection":[{"href":"https:\/\/corrientesdetarde.com\/index.php\/wp-json\/wp\/v2\/posts"}],"about":[{"href":"https:\/\/corrientesdetarde.com\/index.php\/wp-json\/wp\/v2\/types\/post"}],"author":[{"embeddable":true,"href":"https:\/\/corrientesdetarde.com\/index.php\/wp-json\/wp\/v2\/users\/6"}],"replies":[{"embeddable":true,"href":"https:\/\/corrientesdetarde.com\/index.php\/wp-json\/wp\/v2\/comments?post=270044"}],"version-history":[{"count":1,"href":"https:\/\/corrientesdetarde.com\/index.php\/wp-json\/wp\/v2\/posts\/270044\/revisions"}],"predecessor-version":[{"id":270046,"href":"https:\/\/corrientesdetarde.com\/index.php\/wp-json\/wp\/v2\/posts\/270044\/revisions\/270046"}],"wp:featuredmedia":[{"embeddable":true,"href":"https:\/\/corrientesdetarde.com\/index.php\/wp-json\/wp\/v2\/media\/270045"}],"wp:attachment":[{"href":"https:\/\/corrientesdetarde.com\/index.php\/wp-json\/wp\/v2\/media?parent=270044"}],"wp:term":[{"taxonomy":"category","embeddable":true,"href":"https:\/\/corrientesdetarde.com\/index.php\/wp-json\/wp\/v2\/categories?post=270044"},{"taxonomy":"post_tag","embeddable":true,"href":"https:\/\/corrientesdetarde.com\/index.php\/wp-json\/wp\/v2\/tags?post=270044"}],"curies":[{"name":"wp","href":"https:\/\/api.w.org\/{rel}","templated":true}]}}