{"id":270047,"date":"2026-09-05T08:30:00","date_gmt":"2026-09-05T11:30:00","guid":{"rendered":"https:\/\/corrientesdetarde.com\/?p=270047"},"modified":"2026-09-05T11:08:05","modified_gmt":"2026-09-05T14:08:05","slug":"pronostico-del-tiempo-para-el-fin-de-semana-11","status":"publish","type":"post","link":"https:\/\/corrientesdetarde.com\/index.php\/clima\/pronostico-del-tiempo-para-el-fin-de-semana-11\/","title":{"rendered":"Pron\u00f3stico del tiempo para el fin de semana."},"content":{"rendered":"\n<h2 class=\"wp-block-heading\">El Servicio Meteorol\u00f3gico Nacional anticipa ma\u00f1anas con m\u00ednimas de entre 7 y 9 grados y m\u00e1ximas que no superar\u00edan los 20\u00b0C durante el fin de semana. El alivio t\u00e9rmico llegar\u00e1 desde el mi\u00e9rcoles, con registros cercanos a los 29 grados.<\/h2>\n\n\n\n<p>La ciudad de Corrientes tendr\u00e1 un fin de semana marcado por las bajas temperaturas y la ausencia de lluvias, de acuerdo con el pron\u00f3stico del Servicio Meteorol\u00f3gico Nacional (SMN). La circulaci\u00f3n de viento fresco desde el sector Sur favorecer\u00e1 ma\u00f1anas fr\u00edas, con m\u00ednimas que se ubicar\u00e1n entre los 7 y 9 grados.<ins><\/ins><\/p>\n\n\n\n<p>Para este s\u00e1bado se espera un amanecer con cielo mayormente nublado, una temperatura inicial cercana a los 12\u00b0C y r\u00e1fagas de viento provenientes del Sur. Con el correr de las horas, las condiciones tender\u00e1n a estabilizarse y la temperatura ascender\u00e1 hasta alcanzar una m\u00e1xima estimada de 20\u00b0C durante la tarde.<ins><\/ins><\/p>\n\n\n\n<p>El domingo llegar\u00e1 con el descenso t\u00e9rmico m\u00e1s marcado del fin de semana. La jornada comenzar\u00e1 con una m\u00ednima de alrededor de 8\u00b0C y, despu\u00e9s del mediod\u00eda, la temperatura iniciar\u00e1 un ascenso progresivo hasta alcanzar los 19\u00b0C. No se prev\u00e9n precipitaciones para ninguna de las dos jornadas.<\/p>\n\n\n\n<h2 class=\"wp-block-heading\">El fr\u00edo continuar\u00e1 durante el lunes y martes<\/h2>\n\n\n\n<p>Las bajas temperaturas durante las primeras horas del d\u00eda se mantendr\u00e1n durante el inicio de la pr\u00f3xima semana, sin cambios significativos en la masa de aire.<\/p>\n\n\n\n<p>Seg\u00fan el informe de Agromet, para el lunes se esperan en la ciudad de Corrientes registros de entre 7\u00b0C y 18\u00b0C. Sin embargo, el panorama ser\u00e1 m\u00e1s fr\u00edo en sectores del sur de la provincia, donde podr\u00edan registrarse heladas agrometeorol\u00f3gicas, con temperaturas que podr\u00edan descender hasta valores de entre 3\u00b0C y 0\u00b0C.<\/p>\n\n\n\n<p>Para el martes, en la Capital correntina se prev\u00e9 una m\u00ednima de 9\u00b0C y una m\u00e1xima de 21\u00b0C. Nuevamente, las condiciones podr\u00edan favorecer la aparici\u00f3n de heladas agrometeorol\u00f3gicas en distintas zonas del interior provincial.<\/p>\n\n\n\n<h2 class=\"wp-block-heading\">El mi\u00e9rcoles comenzar\u00e1 el ascenso t\u00e9rmico<\/h2>\n\n\n\n<p>El cambio de tendencia llegar\u00e1 a partir del mi\u00e9rcoles, cuando se espera un progresivo aumento de las temperaturas. Los registros se ubicar\u00edan alrededor de los 15\u00b0C durante las primeras horas del d\u00eda y podr\u00edan alcanzar los 29\u00b0C por la tarde.<\/p>\n\n\n\n<p>De acuerdo con reportes clim\u00e1ticos de consultoras privadas, la estabilidad meteorol\u00f3gica podr\u00eda extenderse hasta el viernes. Para esa jornada, en cambio, se anticipa un cambio en las condiciones, con el posible regreso de las precipitaciones y la inestabilidad sobre la regi\u00f3n.<\/p>\n\n\n\n<p>De esta manera, Corrientes atravesar\u00e1 los pr\u00f3ximos d\u00edas con un marcado contraste t\u00e9rmico: ma\u00f1anas fr\u00edas y tardes templadas durante el fin de semana, un nuevo descenso al comienzo de la semana y un posterior repunte de las temperaturas que llevar\u00e1 nuevamente los registros hacia valores cercanos a los 30 grados.<\/p>\n","protected":false},"excerpt":{"rendered":"<p>El Servicio Meteorol\u00f3gico Nacional anticipa ma\u00f1anas con m\u00ednimas de entre 7 y 9 grados y m\u00e1ximas que no superar\u00edan los 20\u00b0C durante el fin de semana. El alivio t\u00e9rmico llegar\u00e1&hellip; <\/p>\n","protected":false},"author":6,"featured_media":270049,"comment_status":"closed","ping_status":"open","sticky":false,"template":"","format":"standard","meta":{"footnotes":""},"categories":[29],"tags":[],"class_list":["post-270047","post","type-post","status-publish","format-standard","has-post-thumbnail","hentry","category-clima"],"_links":{"self":[{"href":"https:\/\/corrientesdetarde.com\/index.php\/wp-json\/wp\/v2\/posts\/270047","targetHints":{"allow":["GET"]}}],"collection":[{"href":"https:\/\/corrientesdetarde.com\/index.php\/wp-json\/wp\/v2\/posts"}],"about":[{"href":"https:\/\/corrientesdetarde.com\/index.php\/wp-json\/wp\/v2\/types\/post"}],"author":[{"embeddable":true,"href":"https:\/\/corrientesdetarde.com\/index.php\/wp-json\/wp\/v2\/users\/6"}],"replies":[{"embeddable":true,"href":"https:\/\/corrientesdetarde.com\/index.php\/wp-json\/wp\/v2\/comments?post=270047"}],"version-history":[{"count":1,"href":"https:\/\/corrientesdetarde.com\/index.php\/wp-json\/wp\/v2\/posts\/270047\/revisions"}],"predecessor-version":[{"id":270050,"href":"https:\/\/corrientesdetarde.com\/index.php\/wp-json\/wp\/v2\/posts\/270047\/revisions\/270050"}],"wp:featuredmedia":[{"embeddable":true,"href":"https:\/\/corrientesdetarde.com\/index.php\/wp-json\/wp\/v2\/media\/270049"}],"wp:attachment":[{"href":"https:\/\/corrientesdetarde.com\/index.php\/wp-json\/wp\/v2\/media?parent=270047"}],"wp:term":[{"taxonomy":"category","embeddable":true,"href":"https:\/\/corrientesdetarde.com\/index.php\/wp-json\/wp\/v2\/categories?post=270047"},{"taxonomy":"post_tag","embeddable":true,"href":"https:\/\/corrientesdetarde.com\/index.php\/wp-json\/wp\/v2\/tags?post=270047"}],"curies":[{"name":"wp","href":"https:\/\/api.w.org\/{rel}","templated":true}]}}