{"id":270051,"date":"2026-09-05T08:40:00","date_gmt":"2026-09-05T11:40:00","guid":{"rendered":"https:\/\/corrientesdetarde.com\/?p=270051"},"modified":"2026-09-05T11:11:44","modified_gmt":"2026-09-05T14:11:44","slug":"un-excomisario-debera-pagar-una-suma-millonaria-al-instituto-oncologico-tras-ser-condenado-por-corrupcion","status":"publish","type":"post","link":"https:\/\/corrientesdetarde.com\/index.php\/policiales\/un-excomisario-debera-pagar-una-suma-millonaria-al-instituto-oncologico-tras-ser-condenado-por-corrupcion\/","title":{"rendered":"Un excomisario deber\u00e1 pagar una suma millonaria al Instituto Oncol\u00f3gico tras ser condenado por corrupci\u00f3n."},"content":{"rendered":"\n<h2 class=\"wp-block-heading\">Rolando Javier Montiel, exjefe de la Comisar\u00eda Primera de Mercedes, fue condenado mediante un juicio abreviado por abuso de autoridad, fraude contra la administraci\u00f3n p\u00fablica y malversaci\u00f3n de caudales p\u00fablicos. Adem\u00e1s, recibi\u00f3 una inhabilitaci\u00f3n de cuatro a\u00f1os para ejercer cargos p\u00fablicos y deber\u00e1 indemnizar al Estado.\u00a0<\/h2>\n\n\n\n<p>La Justicia de Mercedes conden\u00f3 a&nbsp;<strong>tres a\u00f1os de prisi\u00f3n de ejecuci\u00f3n condicional a Rolando Javier Montiel<\/strong>, exjefe de la Comisar\u00eda Primera de esa ciudad, luego de que reconociera su responsabilidad penal en una serie de hechos vinculados con corrupci\u00f3n durante su paso por la Polic\u00eda de Corrientes.<ins><\/ins><\/p>\n\n\n\n<p>La sentencia se produjo en el marco de un&nbsp;<strong>juicio abreviado pleno<\/strong>, acordado entre la Fiscal\u00eda y la defensa, mediante el cual Montiel admiti\u00f3 su culpabilidad por los delitos de&nbsp;<strong>abuso de autoridad, fraude en perjuicio de la administraci\u00f3n p\u00fablica y malversaci\u00f3n de caudales p\u00fablicos<\/strong>. De esta manera, el exoficial evit\u00f3 cumplir una pena efectiva en prisi\u00f3n.<ins><\/ins><\/p>\n\n\n\n<p>El acuerdo fue homologado por la&nbsp;<strong>jueza de Garant\u00edas Simy Benasayag<\/strong>, quien adem\u00e1s dispuso una&nbsp;<strong>inhabilitaci\u00f3n especial de cuatro a\u00f1os para ejercer cualquier funci\u00f3n p\u00fablica<\/strong>.<\/p>\n\n\n\n<p>Uno de los puntos que gener\u00f3 mayor impacto institucional fue el destino establecido para el dinero que Montiel deber\u00e1 entregar como reparaci\u00f3n econ\u00f3mica. Como parte del acuerdo para mantener la ejecuci\u00f3n condicional de la pena, el excomisario deber\u00e1 resarcir al Estado Provincial mediante el pago de&nbsp;<strong>$2.695.352,68<\/strong>.<\/p>\n\n\n\n<p>Sin embargo, el dinero no ser\u00e1 destinado a las arcas generales de la Provincia. Por disposici\u00f3n establecida en el acuerdo, el monto ser\u00e1 transferido directamente al&nbsp;<strong>Instituto Oncol\u00f3gico de Corrientes &#8220;Papa Francisco&#8221;<\/strong>.<\/p>\n\n\n\n<h3 class=\"wp-block-heading\">El pago ser\u00e1 en diez cuotas<\/h3>\n\n\n\n<p>Seg\u00fan qued\u00f3 establecido en el acta judicial, una vez que la sentencia quede firme, Montiel deber\u00e1 realizar el pago en&nbsp;<strong>10 cuotas mensuales, iguales y consecutivas de $269.535,27<\/strong>, mediante dep\u00f3sito bancario.<\/p>\n\n\n\n<p>La resoluci\u00f3n tambi\u00e9n dej\u00f3 expuesta la posici\u00f3n personal de la jueza Benasayag respecto de la pena acordada. La magistrada manifest\u00f3 en los fundamentos sus reparos sobre lo que consider\u00f3 una&nbsp;<strong>pena de escasa entidad<\/strong>&nbsp;frente a los delitos reconocidos.<\/p>\n\n\n\n<p>No obstante, explic\u00f3 que correspond\u00eda homologar el acuerdo debido a las facultades que posee el Ministerio P\u00fablico Fiscal para establecer su pretensi\u00f3n punitiva y a los l\u00edmites legales que rigen este tipo de procedimientos.<\/p>\n\n\n\n<p>El acuerdo que determin\u00f3 la condena fue dise\u00f1ado y coordinado por el&nbsp;<strong>fiscal Adri\u00e1n Casarrubia<\/strong>&nbsp;y el abogado defensor de Montiel,&nbsp;<strong>Juan Ignacio Karam<\/strong>.<\/p>\n\n\n\n<p>A partir de ahora, el exjefe policial deber\u00e1 cumplir una serie de&nbsp;<strong>estrictas reglas de conducta<\/strong>&nbsp;durante el per\u00edodo establecido judicialmente. Su incumplimiento podr\u00eda comprometer el beneficio de la ejecuci\u00f3n condicional de la pena.<\/p>\n","protected":false},"excerpt":{"rendered":"<p>Rolando Javier Montiel, exjefe de la Comisar\u00eda Primera de Mercedes, fue condenado mediante un juicio abreviado por abuso de autoridad, fraude contra la administraci\u00f3n p\u00fablica y malversaci\u00f3n de caudales p\u00fablicos.&hellip; <\/p>\n","protected":false},"author":6,"featured_media":270053,"comment_status":"closed","ping_status":"open","sticky":false,"template":"","format":"standard","meta":{"footnotes":""},"categories":[33],"tags":[],"class_list":["post-270051","post","type-post","status-publish","format-standard","has-post-thumbnail","hentry","category-policiales"],"_links":{"self":[{"href":"https:\/\/corrientesdetarde.com\/index.php\/wp-json\/wp\/v2\/posts\/270051","targetHints":{"allow":["GET"]}}],"collection":[{"href":"https:\/\/corrientesdetarde.com\/index.php\/wp-json\/wp\/v2\/posts"}],"about":[{"href":"https:\/\/corrientesdetarde.com\/index.php\/wp-json\/wp\/v2\/types\/post"}],"author":[{"embeddable":true,"href":"https:\/\/corrientesdetarde.com\/index.php\/wp-json\/wp\/v2\/users\/6"}],"replies":[{"embeddable":true,"href":"https:\/\/corrientesdetarde.com\/index.php\/wp-json\/wp\/v2\/comments?post=270051"}],"version-history":[{"count":1,"href":"https:\/\/corrientesdetarde.com\/index.php\/wp-json\/wp\/v2\/posts\/270051\/revisions"}],"predecessor-version":[{"id":270055,"href":"https:\/\/corrientesdetarde.com\/index.php\/wp-json\/wp\/v2\/posts\/270051\/revisions\/270055"}],"wp:featuredmedia":[{"embeddable":true,"href":"https:\/\/corrientesdetarde.com\/index.php\/wp-json\/wp\/v2\/media\/270053"}],"wp:attachment":[{"href":"https:\/\/corrientesdetarde.com\/index.php\/wp-json\/wp\/v2\/media?parent=270051"}],"wp:term":[{"taxonomy":"category","embeddable":true,"href":"https:\/\/corrientesdetarde.com\/index.php\/wp-json\/wp\/v2\/categories?post=270051"},{"taxonomy":"post_tag","embeddable":true,"href":"https:\/\/corrientesdetarde.com\/index.php\/wp-json\/wp\/v2\/tags?post=270051"}],"curies":[{"name":"wp","href":"https:\/\/api.w.org\/{rel}","templated":true}]}}