{"id":270054,"date":"2026-09-05T09:00:00","date_gmt":"2026-09-05T12:00:00","guid":{"rendered":"https:\/\/corrientesdetarde.com\/?p=270054"},"modified":"2026-09-05T11:19:43","modified_gmt":"2026-09-05T14:19:43","slug":"la-justicia-chaquena-decreto-la-quiebra-de-musimundo","status":"publish","type":"post","link":"https:\/\/corrientesdetarde.com\/index.php\/informacion-general\/la-justicia-chaquena-decreto-la-quiebra-de-musimundo\/","title":{"rendered":"La Justicia chaque\u00f1a decret\u00f3 la quiebra de Musimundo."},"content":{"rendered":"\n<h2 class=\"wp-block-heading\">Los defensores de los trabajadores adelantan un &#8220;juicio extraordinario&#8221; ante la &#8220;muerte jur\u00eddica&#8221; de la empresa. La primera semana de noviembre ser\u00e1 clave para todos los despedidos.<\/h2>\n\n\n\n<p>La Justicia chaque\u00f1a decret\u00f3 la quiebra de Carsa S.A., la sociedad vinculada a la operaci\u00f3n de Musimundo, y dej\u00f3 sin efecto el concurso preventivo que se abri\u00f3 el pasado 17 de julio. La situaci\u00f3n complica a los empleados de las 12 sucursales cerradas en la provincia, aunque los abogados conf\u00edan en que se podr\u00e1 cobrar una buena parte de las indemnizaciones.<\/p>\n\n\n\n<p>La resoluci\u00f3n fue dictada el 2 de septiembre por el Juzgado Civil y Comercial N\u00b023 de Resistencia, Chaco, a cargo del juez Fernando Luis Lavenas, quien consider\u00f3 que exist\u00edan circunstancias que revelaban el estado de cesaci\u00f3n de pagos de la compa\u00f1\u00eda y que ya no estaban dadas las condiciones para continuar con el proceso concursal.<\/p>\n\n\n\n<p>A partir de la decisi\u00f3n, el expediente pas\u00f3 a tramitar bajo la car\u00e1tula &#8220;Carsa S.A. s\/ Quiebra&#8221;, dejando atr\u00e1s el procedimiento que se inici\u00f3 con el objetivo de reordenar las deudas de la empresa y alcanzar un acuerdo con sus acreedores para evitar precisamente la quiebra.<\/p>\n\n\n\n<p>La decisi\u00f3n judicial se conoci\u00f3 luego de que la Justicia analizara el proceso de reducci\u00f3n de estructura de la compa\u00f1\u00eda, que incluy\u00f3 el cierre de locales.<\/p>\n\n\n\n<p>El directorio de Carsa aprob\u00f3 ese plan mediante el Acta N\u00b0695, del 26 de agosto, luego de que tampoco prosperara una propuesta para transferir 45 locales.<\/p>\n\n\n\n<p>Sin embargo, el principal argumento considerado por el juez estuvo relacionado con la situaci\u00f3n patrimonial y financiera de la empresa.<\/p>\n\n\n\n<p>Seg\u00fan la resoluci\u00f3n, los hechos registrados resultaban suficientes para encuadrar el caso en el Art\u00edculo 79, inciso 4, de la Ley de Concursos y Quiebras, referido a circunstancias reveladoras del estado de cesaci\u00f3n de pagos.<\/p>\n\n\n\n<p>De acuerdo con el \u00faltimo registro disponible del Banco Central, correspondiente a julio de 2026, Carsa acumulaba aproximadamente $2.242 millones de deuda informada con entidades del sistema financiero.<\/p>\n\n\n\n<p>El principal acreedor era el Banco de la Naci\u00f3n Argentina, con unos $1.404,6 millones, seguido por Banco Macro, con $326,8 millones; Banco de Comercio, con $298,9 millones; y Nuevo Banco del Chaco, con aproximadamente $205 millones.<\/p>\n\n\n\n<p>Adem\u00e1s, aparec\u00edan saldos menores con American Express Argentina, Banco de Corrientes, Banco Galicia y Buenos Aires, Banco Patagonia y Banco de Servicios y Transacciones.<\/p>\n\n\n\n<h2 class=\"wp-block-heading\">La situaci\u00f3n de los trabajadores<\/h2>\n\n\n\n<p>El estudio jur\u00eddico del especialista en derecho laboral, Gonzalo Saravia, tom\u00f3 la representaci\u00f3n de los exempleados de la firma. &#8220;Los empleados quiz\u00e1s no cobren el 100% de lo correspondiente a sus indemnizaciones, pero vamos a hacer todo lo posible para que recuperen lo m\u00e1ximo de su dinero&#8221;, dijo en declaraciones. El letrado detall\u00f3 que todos los acreedores de la deuda de CARSA S.A, entre los que est\u00e1n los exempleados, deber\u00e1n presentarse ante el Juzgado N\u00ba23 de Chaco el 6 de noviembre. &#8220;Hasta ese tiempo tienen tiempo a presentar todos los papeles, sino lo hace no podr\u00e1n entrar como acreedores&#8221;, puntualiz\u00f3. El especialista record\u00f3 que el proceso judicial comprende a los extrabajadores de todo el NEA. Ellos deben presentarse en conjunto y no iniciar juicios laborales por separado. Saravia cont\u00f3 que la quiebra es &#8220;la muerte jur\u00eddica&#8221; de la empresa, por lo que el proceso judicial implica un proceso distinto a un despido convencional. De esta manera, la declaraci\u00f3n de quiebra abre una nueva etapa para Carsa y, especialmente, para los trabajadores que quedaron afectados por el cierre de las sucursales. Ahora, la prioridad para los exempleados ser\u00e1 lograr que sus cr\u00e9ditos laborales sean reconocidos dentro del proceso judicial y recuperar la mayor parte posible de las indemnizaciones.<\/p>\n\n\n\n<h2 class=\"wp-block-heading\">Detalles y cronograma<\/h2>\n\n\n\n<p>Mientras que el concurso preventivo busca que una empresa con dificultades financieras pueda negociar con sus acreedores y continuar con su actividad, la declaraci\u00f3n de quiebra abre una nueva etapa judicial destinada a administrar y liquidar los bienes de la compa\u00f1\u00eda conforme al r\u00e9gimen establecido por la Ley de Concursos y Quiebras.<\/p>\n\n\n\n<p>La sindicatura que ya interven\u00eda durante el concurso continuar\u00e1 en esta nueva instancia. Se trata del Estudio Contable Ben\u00edtez, integrado por el contador p\u00fablico Jos\u00e9 Valent\u00edn Ben\u00edtez, Jos\u00e9 Nicol\u00e1s Ben\u00edtez y Cynthia Bernard.<\/p>\n\n\n\n<p>El proceso tambi\u00e9n contempla nuevas fechas para los acreedores. Los pedidos de verificaci\u00f3n podr\u00e1n presentarse hasta el 6 de noviembre de 2026. El informe individual de la sindicatura deber\u00e1 ser presentado el 30 de marzo de 2027, mientras que el informe general tiene como fecha prevista el 25 de junio de 2027.<\/p>\n","protected":false},"excerpt":{"rendered":"<p>Los defensores de los trabajadores adelantan un &#8220;juicio extraordinario&#8221; ante la &#8220;muerte jur\u00eddica&#8221; de la empresa. La primera semana de noviembre ser\u00e1 clave para todos los despedidos. La Justicia chaque\u00f1a&hellip; <\/p>\n","protected":false},"author":6,"featured_media":270059,"comment_status":"closed","ping_status":"open","sticky":false,"template":"","format":"standard","meta":{"footnotes":""},"categories":[1],"tags":[],"class_list":["post-270054","post","type-post","status-publish","format-standard","has-post-thumbnail","hentry","category-informacion-general"],"_links":{"self":[{"href":"https:\/\/corrientesdetarde.com\/index.php\/wp-json\/wp\/v2\/posts\/270054","targetHints":{"allow":["GET"]}}],"collection":[{"href":"https:\/\/corrientesdetarde.com\/index.php\/wp-json\/wp\/v2\/posts"}],"about":[{"href":"https:\/\/corrientesdetarde.com\/index.php\/wp-json\/wp\/v2\/types\/post"}],"author":[{"embeddable":true,"href":"https:\/\/corrientesdetarde.com\/index.php\/wp-json\/wp\/v2\/users\/6"}],"replies":[{"embeddable":true,"href":"https:\/\/corrientesdetarde.com\/index.php\/wp-json\/wp\/v2\/comments?post=270054"}],"version-history":[{"count":1,"href":"https:\/\/corrientesdetarde.com\/index.php\/wp-json\/wp\/v2\/posts\/270054\/revisions"}],"predecessor-version":[{"id":270061,"href":"https:\/\/corrientesdetarde.com\/index.php\/wp-json\/wp\/v2\/posts\/270054\/revisions\/270061"}],"wp:featuredmedia":[{"embeddable":true,"href":"https:\/\/corrientesdetarde.com\/index.php\/wp-json\/wp\/v2\/media\/270059"}],"wp:attachment":[{"href":"https:\/\/corrientesdetarde.com\/index.php\/wp-json\/wp\/v2\/media?parent=270054"}],"wp:term":[{"taxonomy":"category","embeddable":true,"href":"https:\/\/corrientesdetarde.com\/index.php\/wp-json\/wp\/v2\/categories?post=270054"},{"taxonomy":"post_tag","embeddable":true,"href":"https:\/\/corrientesdetarde.com\/index.php\/wp-json\/wp\/v2\/tags?post=270054"}],"curies":[{"name":"wp","href":"https:\/\/api.w.org\/{rel}","templated":true}]}}