{"id":270056,"date":"2026-09-05T11:15:06","date_gmt":"2026-09-05T14:15:06","guid":{"rendered":"https:\/\/corrientesdetarde.com\/?p=270056"},"modified":"2026-09-05T11:15:11","modified_gmt":"2026-09-05T14:15:11","slug":"el-clasico-fileteado-copa-la-cultura-portena","status":"publish","type":"post","link":"https:\/\/corrientesdetarde.com\/index.php\/cultura\/el-clasico-fileteado-copa-la-cultura-portena\/","title":{"rendered":"EL CLASICO FILETEADO COPA LA CULTURA PORTE\u00d1A"},"content":{"rendered":"\n<p>(Bel\u00e9n Papa Orfano) &#8211; Este fin de semana el Museo de la Ciudad se vuelve m\u00e1s porte\u00f1o que nunca con un encuentro de fileteadores, el arte m\u00e1s tradicional de estas latitudes. En el Parque Centenario habr\u00e1 chamam\u00e9 y tango, mientras que en el Teatro San Mart\u00edn habr\u00e1 un estreno.<\/p>\n\n\n\n<p>Arte<\/p>\n\n\n\n<p>En el marco del D\u00eda del Fileteador, en el Museo de la Ciudad se reunir\u00e1n artistas de todo el pa\u00eds y abrir\u00e1 una exposici\u00f3n que rinde homenaje a los maestros que marcaron el camino, a quienes hoy mantienen vivo el oficio y a las nuevas generaciones. Tambi\u00e9n habr\u00e1 charlas y una visita guiada. Ser\u00e1 este s\u00e1bado 5 de septiembre desde las 15.<\/p>\n\n\n\n<p>Museo de la Ciudad &#8211; Defensa 187<\/p>\n\n\n\n<p>M\u00fasica<\/p>\n\n\n\n<p>El Anfiteatro del Parque Centenario recibir\u00e1 dos propuestas de m\u00fasica popular. El s\u00e1bado 5, Manifiesto Chamam\u00e9 presentar\u00e1 una mirada actual sobre la m\u00fasica del litoral, y el domingo 6 ser\u00e1 el turno de la Orquesta El Arranque, referente del tango contempor\u00e1neo. Ambos conciertos comenzar\u00e1n a las 16 horas y tendr\u00e1n entrada libre.<br>.<br>Anfiteatro del Parque Centenario &#8211; Av. Leopoldo Marechal 832<\/p>\n\n\n\n<p>Cine<\/p>\n\n\n\n<p>El Centro Cultural Recoleta presenta el ciclo Viernes de Hitchcock. Proyectar\u00e1n Cu\u00e9ntame tu vida, un melodrama que tambi\u00e9n se presenta como una pel\u00edcula de aventuras y detectives que hace de un trauma el misterio a resolver. La pel\u00edcula es famosa por una secuencia on\u00edrica dise\u00f1ada por Salvador Dal\u00ed. Se proyectar\u00e1 el viernes 4 a las 18 horas. Las entradas son sin costo con reserva en el sitio web Entradas BA.<\/p>\n\n\n\n<p>Centro Cultural Recoleta &#8211; Jun\u00edn 1930<\/p>\n\n\n\n<p>Teatro<\/p>\n\n\n\n<p>El Teatro San Mart\u00edn estrenar\u00e1 este fin de semana El precipicio, una obra que narra la historia de dos mujeres que se encuentran en distintos momentos del recorrido hacia el final. Con humor, lucidez y desde una perspectiva femenina, propone una reflexi\u00f3n \u00edntima sobre la vejez y la muerte. Las localidades est\u00e1n disponibles en complejoteatral.gob.ar<\/p>\n\n\n\n<p>El Teatro San Mart\u00edn &#8211; Av. Corrientes 1530<\/p>\n\n\n\n<p>Para los m\u00e1s chicos<\/p>\n\n\n\n<p>Caperucita se adentra en el bosque es una obra con libro, letras y direcci\u00f3n general de Chacho Garabal que combina m\u00fasica original, humor y aventuras. Caperucita Roja y su abuela emprenden un viaje a un mundo de fantas\u00eda para devolverle el color y la alegr\u00eda. Se presentar\u00e1 el domingo 6 de septiembre a las 17.30 en la Usina del Arte. Las entradas se reservan en usinadelarte.ar<\/p>\n\n\n\n<p>Usina del Arte &#8211; Caffarena 1<\/p>\n","protected":false},"excerpt":{"rendered":"<p>(Bel\u00e9n Papa Orfano) &#8211; Este fin de semana el Museo de la Ciudad se vuelve m\u00e1s porte\u00f1o que nunca con un encuentro de fileteadores, el arte m\u00e1s tradicional de estas&hellip; <\/p>\n","protected":false},"author":11,"featured_media":270057,"comment_status":"closed","ping_status":"open","sticky":false,"template":"","format":"standard","meta":{"footnotes":""},"categories":[15],"tags":[],"class_list":["post-270056","post","type-post","status-publish","format-standard","has-post-thumbnail","hentry","category-cultura"],"_links":{"self":[{"href":"https:\/\/corrientesdetarde.com\/index.php\/wp-json\/wp\/v2\/posts\/270056","targetHints":{"allow":["GET"]}}],"collection":[{"href":"https:\/\/corrientesdetarde.com\/index.php\/wp-json\/wp\/v2\/posts"}],"about":[{"href":"https:\/\/corrientesdetarde.com\/index.php\/wp-json\/wp\/v2\/types\/post"}],"author":[{"embeddable":true,"href":"https:\/\/corrientesdetarde.com\/index.php\/wp-json\/wp\/v2\/users\/11"}],"replies":[{"embeddable":true,"href":"https:\/\/corrientesdetarde.com\/index.php\/wp-json\/wp\/v2\/comments?post=270056"}],"version-history":[{"count":1,"href":"https:\/\/corrientesdetarde.com\/index.php\/wp-json\/wp\/v2\/posts\/270056\/revisions"}],"predecessor-version":[{"id":270058,"href":"https:\/\/corrientesdetarde.com\/index.php\/wp-json\/wp\/v2\/posts\/270056\/revisions\/270058"}],"wp:featuredmedia":[{"embeddable":true,"href":"https:\/\/corrientesdetarde.com\/index.php\/wp-json\/wp\/v2\/media\/270057"}],"wp:attachment":[{"href":"https:\/\/corrientesdetarde.com\/index.php\/wp-json\/wp\/v2\/media?parent=270056"}],"wp:term":[{"taxonomy":"category","embeddable":true,"href":"https:\/\/corrientesdetarde.com\/index.php\/wp-json\/wp\/v2\/categories?post=270056"},{"taxonomy":"post_tag","embeddable":true,"href":"https:\/\/corrientesdetarde.com\/index.php\/wp-json\/wp\/v2\/tags?post=270056"}],"curies":[{"name":"wp","href":"https:\/\/api.w.org\/{rel}","templated":true}]}}