{"id":270060,"date":"2026-09-05T11:15:22","date_gmt":"2026-09-05T14:15:22","guid":{"rendered":"https:\/\/corrientesdetarde.com\/?p=270060"},"modified":"2026-09-05T11:43:05","modified_gmt":"2026-09-05T14:43:05","slug":"la-municipalidad-invita-a-diversas-actividades-para-disfrutar-de-la-ciudad","status":"publish","type":"post","link":"https:\/\/corrientesdetarde.com\/index.php\/locales\/la-municipalidad-invita-a-diversas-actividades-para-disfrutar-de-la-ciudad\/","title":{"rendered":"La Municipalidad invita a diversas actividades para disfrutar de la ciudad."},"content":{"rendered":"\n<h2 class=\"wp-block-heading\">La Municipalidad prepar\u00f3 diversas actividades deportivas, culturales y recreativas para hoy. Todas con acceso libre y gratuito y distribuidas por distintos espacios verdes de la ciudad para pasarla en familia o con amigos.<\/h2>\n\n\n\n<p>Para hoy s\u00e1bado 5 de septiembre, la Municipalidad de Corrientes prepar\u00f3 una amplia oferta de actividades recreativas, culturales y deportivas para el disfrute de vecinos y visitantes. Todas las propuestas son de acceso libre y gratuito.<\/p>\n\n\n\n<p>Quienes deseen llevarse un obsequio \u00fanico hecho por manos artesanas correntinas est\u00e1 disponible la Feria de Artesanos, tanto el hoy como ma\u00f1ana, de 10 a 21, en avenida Costanera Juan Pablo II y calle Necochea.<\/p>\n\n\n\n<p>Asimismo, para los vecinos y visitantes que quieran conocer un poco de la historia de Corrientes, podr\u00e1n hacerlo a trav\u00e9s de la propuesta: &#8220;Descubr\u00ed Corrientes: Punta San Sebasti\u00e1n y plaza 25 de Mayo, dos postales, una historia&#8221;.<\/p>\n\n\n\n<p>El punto de encuentro ser\u00e1 la Punta San Sebasti\u00e1n (avenida Costanera General San Mart\u00edn y Tucum\u00e1n) a las 17.<\/p>\n\n\n\n<p>En el barrio Molina Punta se llevar\u00e1 adelante una nueva jornada de Marat\u00f3n Barrial en la plaza Forte (Las Gardenias y Jos\u00e9 Negro). La acreditaci\u00f3n ser\u00e1 de 14:30 a 15:30 y la largada a las 16.<\/p>\n\n\n\n<h2 class=\"wp-block-heading\">Certamen barrial<\/h2>\n\n\n\n<p>Tambi\u00e9n para hoy s\u00e1bado 5 de septiembre, desde las 16, se desarrollar\u00e1 una nueva instancia clasificatoria del certamen para descubrir nuevos talentos en m\u00fasica y danza. Ser\u00e1 en el barrio Laguna Seca, m\u00e1s precisamente en la plaza San Pantale\u00f3n.<\/p>\n\n\n\n<p>La jornada contar\u00e1 adem\u00e1s con un cierre musical y una intervenci\u00f3n art\u00edstica del reconocido m\u00fasico chamamecero y maestro Ra\u00fal Alonso, referente de distintas generaciones de artistas correntinos.<\/p>\n\n\n\n<p>Los artistas seleccionados durante las distintas jornadas avanzan hacia la gran final, prevista para el 24 de octubre.<\/p>\n\n\n\n<p>Entre los reconocimientos para los ganadores se encuentra la posibilidad de presentarse en la Fiesta Nacional del Chamam\u00e9 2027, adem\u00e1s de instrumentos musicales, equipos de sonido y otros importantes premios.<\/p>\n\n\n\n<p>En tanto que el &#8220;Patio Cervecero&#8221;, a las 19, en el Paseo Terrazas del Paran\u00e1 (avenida Costanera Gral. San Mart\u00edn y Tom\u00e1s Edison) ser\u00e1 una interesante propuesta para quienes deseen degustar de cervezas artesanales, gastronom\u00eda y m\u00fasica en vivo.<\/p>\n\n\n\n<h2 class=\"wp-block-heading\">Deporte y recreaci\u00f3n<\/h2>\n\n\n\n<p>Asimismo, durante los d\u00edas s\u00e1bado y domingo el deporte copar\u00e1 los barrios con propuestas como:<\/p>\n\n\n\n<p>&#8211; Deporte y Recreaci\u00f3n en el barrio Quintana: el s\u00e1bado y el domingo desde las 16 en la plaza de los Ex Combatientes de Malvinas (Av. Frondizi y Cangallo). La actividad es libre y gratuita.<\/p>\n","protected":false},"excerpt":{"rendered":"<p>La Municipalidad prepar\u00f3 diversas actividades deportivas, culturales y recreativas para hoy. Todas con acceso libre y gratuito y distribuidas por distintos espacios verdes de la ciudad para pasarla en familia&hellip; <\/p>\n","protected":false},"author":6,"featured_media":270062,"comment_status":"closed","ping_status":"open","sticky":false,"template":"","format":"standard","meta":{"footnotes":""},"categories":[8],"tags":[],"class_list":["post-270060","post","type-post","status-publish","format-standard","has-post-thumbnail","hentry","category-locales"],"_links":{"self":[{"href":"https:\/\/corrientesdetarde.com\/index.php\/wp-json\/wp\/v2\/posts\/270060","targetHints":{"allow":["GET"]}}],"collection":[{"href":"https:\/\/corrientesdetarde.com\/index.php\/wp-json\/wp\/v2\/posts"}],"about":[{"href":"https:\/\/corrientesdetarde.com\/index.php\/wp-json\/wp\/v2\/types\/post"}],"author":[{"embeddable":true,"href":"https:\/\/corrientesdetarde.com\/index.php\/wp-json\/wp\/v2\/users\/6"}],"replies":[{"embeddable":true,"href":"https:\/\/corrientesdetarde.com\/index.php\/wp-json\/wp\/v2\/comments?post=270060"}],"version-history":[{"count":1,"href":"https:\/\/corrientesdetarde.com\/index.php\/wp-json\/wp\/v2\/posts\/270060\/revisions"}],"predecessor-version":[{"id":270064,"href":"https:\/\/corrientesdetarde.com\/index.php\/wp-json\/wp\/v2\/posts\/270060\/revisions\/270064"}],"wp:featuredmedia":[{"embeddable":true,"href":"https:\/\/corrientesdetarde.com\/index.php\/wp-json\/wp\/v2\/media\/270062"}],"wp:attachment":[{"href":"https:\/\/corrientesdetarde.com\/index.php\/wp-json\/wp\/v2\/media?parent=270060"}],"wp:term":[{"taxonomy":"category","embeddable":true,"href":"https:\/\/corrientesdetarde.com\/index.php\/wp-json\/wp\/v2\/categories?post=270060"},{"taxonomy":"post_tag","embeddable":true,"href":"https:\/\/corrientesdetarde.com\/index.php\/wp-json\/wp\/v2\/tags?post=270060"}],"curies":[{"name":"wp","href":"https:\/\/api.w.org\/{rel}","templated":true}]}}