{"id":270073,"date":"2026-09-05T11:42:17","date_gmt":"2026-09-05T14:42:17","guid":{"rendered":"https:\/\/corrientesdetarde.com\/?p=270073"},"modified":"2026-09-05T11:42:22","modified_gmt":"2026-09-05T14:42:22","slug":"un-medico-fue-condenado-por-matar-al-perro-de-su-vecino","status":"publish","type":"post","link":"https:\/\/corrientesdetarde.com\/index.php\/crimen-y-justicia\/un-medico-fue-condenado-por-matar-al-perro-de-su-vecino\/","title":{"rendered":"Un m\u00e9dico fue condenado por matar al perro de su vecino."},"content":{"rendered":"\n<h2 class=\"wp-block-heading\">El Tribunal Oral de la localidad hall\u00f3 culpable al profesional de 71 a\u00f1os por crueldad animal y tenencia ilegal de arma de fuego. Le impusieron una pena de un a\u00f1o y cinco meses de prisi\u00f3n en suspenso por la muerte de &#8220;Roco&#8221;.<\/h2>\n\n\n\n<p>El Tribunal Oral y Penal de Santo Tom\u00e9 dict\u00f3 sentencia contra el m\u00e9dico Ram\u00f3n Virgilio G\u00f3mez (71), hall\u00e1ndolo culpable de la muerte de &#8220;Roco&#8221;, un perro atacado a balazos en la zona de La Curtiembre. Tras dos jornadas de debate, el profesional de la salud recibi\u00f3 una pena de un a\u00f1o y cinco meses de prisi\u00f3n en suspenso por los delitos de maltrato animal en concurso real con tenencia de arma de fuego.<\/p>\n\n\n\n<p>El juicio estuvo presidido por el juez Francisco Ramos, mientras que la acusaci\u00f3n estuvo a cargo del fiscal de la Unidad Rural, Mart\u00edn Leiva. En la querella intervino la abogada especialista en derecho animal, Liliana G\u00f3mez, en representaci\u00f3n de la familia damnificada.<\/p>\n\n\n\n<p>Seg\u00fan consta en la investigaci\u00f3n, los ataques contra la mascota comenzaron en julio de 2025, cuando el animal sobrevivi\u00f3 de milagro a un primer disparo en la cabeza tras quedar internado. El desenlace fatal ocurri\u00f3 durante la \u00faltima Nochebuena, cuando el animal fue alcanzado por un segundo proyectil.<\/p>\n\n\n\n<p>A pesar de los esfuerzos veterinarios y de los costos m\u00e9dicos asumidos por sus due\u00f1os, el animal falleci\u00f3 en su domicilio debido a la gravedad de las lesiones internas provocadas por la bala. El violento episodio deriv\u00f3 adem\u00e1s en un enfrentamiento f\u00edsico cuando los propietarios del perro fueron a exigir explicaciones al m\u00e9dico en su vivienda.<\/p>\n","protected":false},"excerpt":{"rendered":"<p>El Tribunal Oral de la localidad hall\u00f3 culpable al profesional de 71 a\u00f1os por crueldad animal y tenencia ilegal de arma de fuego. Le impusieron una pena de un a\u00f1o&hellip; <\/p>\n","protected":false},"author":6,"featured_media":270074,"comment_status":"closed","ping_status":"open","sticky":false,"template":"","format":"standard","meta":{"footnotes":""},"categories":[5],"tags":[],"class_list":["post-270073","post","type-post","status-publish","format-standard","has-post-thumbnail","hentry","category-crimen-y-justicia"],"_links":{"self":[{"href":"https:\/\/corrientesdetarde.com\/index.php\/wp-json\/wp\/v2\/posts\/270073","targetHints":{"allow":["GET"]}}],"collection":[{"href":"https:\/\/corrientesdetarde.com\/index.php\/wp-json\/wp\/v2\/posts"}],"about":[{"href":"https:\/\/corrientesdetarde.com\/index.php\/wp-json\/wp\/v2\/types\/post"}],"author":[{"embeddable":true,"href":"https:\/\/corrientesdetarde.com\/index.php\/wp-json\/wp\/v2\/users\/6"}],"replies":[{"embeddable":true,"href":"https:\/\/corrientesdetarde.com\/index.php\/wp-json\/wp\/v2\/comments?post=270073"}],"version-history":[{"count":1,"href":"https:\/\/corrientesdetarde.com\/index.php\/wp-json\/wp\/v2\/posts\/270073\/revisions"}],"predecessor-version":[{"id":270075,"href":"https:\/\/corrientesdetarde.com\/index.php\/wp-json\/wp\/v2\/posts\/270073\/revisions\/270075"}],"wp:featuredmedia":[{"embeddable":true,"href":"https:\/\/corrientesdetarde.com\/index.php\/wp-json\/wp\/v2\/media\/270074"}],"wp:attachment":[{"href":"https:\/\/corrientesdetarde.com\/index.php\/wp-json\/wp\/v2\/media?parent=270073"}],"wp:term":[{"taxonomy":"category","embeddable":true,"href":"https:\/\/corrientesdetarde.com\/index.php\/wp-json\/wp\/v2\/categories?post=270073"},{"taxonomy":"post_tag","embeddable":true,"href":"https:\/\/corrientesdetarde.com\/index.php\/wp-json\/wp\/v2\/tags?post=270073"}],"curies":[{"name":"wp","href":"https:\/\/api.w.org\/{rel}","templated":true}]}}