{"id":270080,"date":"2026-09-05T11:49:20","date_gmt":"2026-09-05T14:49:20","guid":{"rendered":"https:\/\/corrientesdetarde.com\/?p=270080"},"modified":"2026-09-05T11:49:25","modified_gmt":"2026-09-05T14:49:25","slug":"choque-fatal-entre-dos-camiones","status":"publish","type":"post","link":"https:\/\/corrientesdetarde.com\/index.php\/policiales\/choque-fatal-entre-dos-camiones\/","title":{"rendered":"Choque fatal entre dos camiones."},"content":{"rendered":"\n<h2 class=\"wp-block-heading\">El saldo de un hombre muerto es el resultado de un choque entre dos camiones ocurrido esta madrugada sobre la Ruta Nacional 119, a la altura del kil\u00f3metro 107, en cercan\u00edas de Mercedes. El siniestro se registr\u00f3 alrededor de las 2 de la madrugada, cuando chocaron un cami\u00f3n Volkswagen con acoplado y otro Mercedes Benz.<\/h2>\n\n\n\n<p>Un hombre muri\u00f3 durante la madrugada de este s\u00e1bado tras un choque entre dos camiones ocurrido sobre la Ruta Nacional 119, a la altura del kil\u00f3metro 107, en cercan\u00edas de Mercedes, Corrientes.<\/p>\n\n\n\n<p>El siniestro se registr\u00f3 alrededor de las 2 de la madrugada,\u00a0<strong>cuando chocaron\u00a0un cami\u00f3n Volkswagen con acoplado y otro Mercedes Benz.<\/strong><\/p>\n\n\n\n<p>Como consecuencia del impacto,\u00a0<strong>uno de los conductores, identificado por su apellido como Carcamo, sufri\u00f3 graves lesiones y fue trasladado de urgencia al hospital local. Pese a la atenci\u00f3n m\u00e9dica recibida, muri\u00f3.<\/strong><\/p>\n\n\n\n<p>El otro conductor, de apellido Ram\u00edrez, tambi\u00e9n mayor de edad, result\u00f3 con lesiones de menor consideraci\u00f3n.<\/p>\n\n\n\n<p><a href=\"https:\/\/www.instagram.com\/reel\/Dc5_8yqMSrG\/?utm_source=ig_embed&amp;utm_campaign=loading\" target=\"_blank\" rel=\"noreferrer noopener\"><\/a><\/p>\n\n\n\n<p><\/p>\n","protected":false},"excerpt":{"rendered":"<p>El saldo de un hombre muerto es el resultado de un choque entre dos camiones ocurrido esta madrugada sobre la Ruta Nacional 119, a la altura del kil\u00f3metro 107, en&hellip; <\/p>\n","protected":false},"author":6,"featured_media":270081,"comment_status":"closed","ping_status":"open","sticky":false,"template":"","format":"standard","meta":{"footnotes":""},"categories":[33],"tags":[],"class_list":["post-270080","post","type-post","status-publish","format-standard","has-post-thumbnail","hentry","category-policiales"],"_links":{"self":[{"href":"https:\/\/corrientesdetarde.com\/index.php\/wp-json\/wp\/v2\/posts\/270080","targetHints":{"allow":["GET"]}}],"collection":[{"href":"https:\/\/corrientesdetarde.com\/index.php\/wp-json\/wp\/v2\/posts"}],"about":[{"href":"https:\/\/corrientesdetarde.com\/index.php\/wp-json\/wp\/v2\/types\/post"}],"author":[{"embeddable":true,"href":"https:\/\/corrientesdetarde.com\/index.php\/wp-json\/wp\/v2\/users\/6"}],"replies":[{"embeddable":true,"href":"https:\/\/corrientesdetarde.com\/index.php\/wp-json\/wp\/v2\/comments?post=270080"}],"version-history":[{"count":1,"href":"https:\/\/corrientesdetarde.com\/index.php\/wp-json\/wp\/v2\/posts\/270080\/revisions"}],"predecessor-version":[{"id":270082,"href":"https:\/\/corrientesdetarde.com\/index.php\/wp-json\/wp\/v2\/posts\/270080\/revisions\/270082"}],"wp:featuredmedia":[{"embeddable":true,"href":"https:\/\/corrientesdetarde.com\/index.php\/wp-json\/wp\/v2\/media\/270081"}],"wp:attachment":[{"href":"https:\/\/corrientesdetarde.com\/index.php\/wp-json\/wp\/v2\/media?parent=270080"}],"wp:term":[{"taxonomy":"category","embeddable":true,"href":"https:\/\/corrientesdetarde.com\/index.php\/wp-json\/wp\/v2\/categories?post=270080"},{"taxonomy":"post_tag","embeddable":true,"href":"https:\/\/corrientesdetarde.com\/index.php\/wp-json\/wp\/v2\/tags?post=270080"}],"curies":[{"name":"wp","href":"https:\/\/api.w.org\/{rel}","templated":true}]}}