{"id":270085,"date":"2026-09-05T11:57:08","date_gmt":"2026-09-05T14:57:08","guid":{"rendered":"https:\/\/corrientesdetarde.com\/?p=270085"},"modified":"2026-09-05T11:57:21","modified_gmt":"2026-09-05T14:57:21","slug":"buscan-a-un-menor-que-se-ausento-de-su-hogar","status":"publish","type":"post","link":"https:\/\/corrientesdetarde.com\/index.php\/policiales\/buscan-a-un-menor-que-se-ausento-de-su-hogar\/","title":{"rendered":"Buscan a un menor que se ausent\u00f3 de su hogar."},"content":{"rendered":"\n<h2 class=\"wp-block-heading\">Desde la Comisar\u00eda Segunda de Mujer y el Menor solicitan la colaboraci\u00f3n para dar difusi\u00f3n respecto a la b\u00fasqueda y localizaci\u00f3n de un menor identificado como Alexander Villalba Cherey de 16 a\u00f1os. El mismo se\u00a0 ausent\u00f3 de su domicilio, dando intervenci\u00f3n de \u00e9sta situaci\u00f3n tambi\u00e9n a la fiscal\u00eda de Investigaci\u00f3n en turno.<\/h2>\n\n\n\n<p>Sus caracter\u00edsticas f\u00edsicas son las siguientes: contextura delgada, 1,80 de altura, tez blanca, cabello de color marr\u00f3n oscuro corto, ojos color marr\u00f3n.<\/p>\n\n\n\n<p>Es por ello, que independientemente de la labor de b\u00fasqueda que \u00e9sta realizando la Polic\u00eda, se solicita la colaboraci\u00f3n a los distintos medios period\u00edsticos para su publicaci\u00f3n y de esa manera dar a conocer a la poblaci\u00f3n en general, para que aquellas personas que puedan aportar datos ciertos y que ayuden a lograr encontrar a este menor, puedan hacerlo ante la citada Comisar\u00eda segunda de la Mujer y el Menor nro. 3794-484651; o la Dependencia Policial m\u00e1s cercana a su domicilio y\/o comunicarse al n\u00famero telef\u00f3nico gratuito del Sistema Integral de Seguridad (S.I.S.) 911 en la Capital y 101 en el Interior Provincial.<\/p>\n","protected":false},"excerpt":{"rendered":"<p>Desde la Comisar\u00eda Segunda de Mujer y el Menor solicitan la colaboraci\u00f3n para dar difusi\u00f3n respecto a la b\u00fasqueda y localizaci\u00f3n de un menor identificado como Alexander Villalba Cherey de&hellip; <\/p>\n","protected":false},"author":6,"featured_media":270087,"comment_status":"closed","ping_status":"open","sticky":false,"template":"","format":"standard","meta":{"footnotes":""},"categories":[33],"tags":[],"class_list":["post-270085","post","type-post","status-publish","format-standard","has-post-thumbnail","hentry","category-policiales"],"_links":{"self":[{"href":"https:\/\/corrientesdetarde.com\/index.php\/wp-json\/wp\/v2\/posts\/270085","targetHints":{"allow":["GET"]}}],"collection":[{"href":"https:\/\/corrientesdetarde.com\/index.php\/wp-json\/wp\/v2\/posts"}],"about":[{"href":"https:\/\/corrientesdetarde.com\/index.php\/wp-json\/wp\/v2\/types\/post"}],"author":[{"embeddable":true,"href":"https:\/\/corrientesdetarde.com\/index.php\/wp-json\/wp\/v2\/users\/6"}],"replies":[{"embeddable":true,"href":"https:\/\/corrientesdetarde.com\/index.php\/wp-json\/wp\/v2\/comments?post=270085"}],"version-history":[{"count":1,"href":"https:\/\/corrientesdetarde.com\/index.php\/wp-json\/wp\/v2\/posts\/270085\/revisions"}],"predecessor-version":[{"id":270089,"href":"https:\/\/corrientesdetarde.com\/index.php\/wp-json\/wp\/v2\/posts\/270085\/revisions\/270089"}],"wp:featuredmedia":[{"embeddable":true,"href":"https:\/\/corrientesdetarde.com\/index.php\/wp-json\/wp\/v2\/media\/270087"}],"wp:attachment":[{"href":"https:\/\/corrientesdetarde.com\/index.php\/wp-json\/wp\/v2\/media?parent=270085"}],"wp:term":[{"taxonomy":"category","embeddable":true,"href":"https:\/\/corrientesdetarde.com\/index.php\/wp-json\/wp\/v2\/categories?post=270085"},{"taxonomy":"post_tag","embeddable":true,"href":"https:\/\/corrientesdetarde.com\/index.php\/wp-json\/wp\/v2\/tags?post=270085"}],"curies":[{"name":"wp","href":"https:\/\/api.w.org\/{rel}","templated":true}]}}