{"id":270088,"date":"2026-09-05T11:59:09","date_gmt":"2026-09-05T14:59:09","guid":{"rendered":"https:\/\/corrientesdetarde.com\/?p=270088"},"modified":"2026-09-05T11:59:21","modified_gmt":"2026-09-05T14:59:21","slug":"el-encuentro-entre-gustavo-valdes-y-maximiliano-pullaro-en-rosario","status":"publish","type":"post","link":"https:\/\/corrientesdetarde.com\/index.php\/politica\/el-encuentro-entre-gustavo-valdes-y-maximiliano-pullaro-en-rosario\/","title":{"rendered":"El encuentro entre Gustavo Vald\u00e9s y Maximiliano Pullaro en Rosario."},"content":{"rendered":"\n<h2 class=\"wp-block-heading\">Gustavo Vald\u00e9s mantuvo este viernes un encuentro en la ciudad de Rosario con el gobernador de Santa Fe, Maximiliano Pullaro, con quien dialog\u00f3 sobre distintos temas vinculados al desarrollo de las provincias, la agenda nacional y la Uni\u00f3n C\u00edvica Radical.<\/h2>\n\n\n\n<p>Durante la reuni\u00f3n, ambos dirigentes abordaron especialmente la organizaci\u00f3n de los pr\u00f3ximos Juegos Suramericanos 2026, que tendr\u00e1n como sede a la provincia de Santa Fe y que representar\u00e1n uno de los acontecimientos deportivos m\u00e1s importantes de la regi\u00f3n.<\/p>\n\n\n\n<p>Vald\u00e9s destac\u00f3 el trabajo que viene llevando adelante el Gobierno santafesino para concretar este evento internacional, que tendr\u00e1 un importante impacto no solo en materia deportiva, sino tambi\u00e9n en el desarrollo social, tur\u00edstico y urban\u00edstico de las ciudades que ser\u00e1n protagonistas.<\/p>\n\n\n\n<p>En ese sentido, remarc\u00f3 que la realizaci\u00f3n de los Juegos Suramericanos refleja la capacidad de planificaci\u00f3n, gesti\u00f3n y trabajo conjunto, y constituye una muestra de lo que pueden lograr las provincias cuando existen objetivos claros y una mirada de largo plazo.<\/p>\n\n\n\n<p>Asimismo, durante el encuentro Vald\u00e9s y Pullaro intercambiaron opiniones sobre la situaci\u00f3n nacional, el rol de las provincias en el escenario federal y los desaf\u00edos que atraviesa actualmente la Argentina.<\/p>\n\n\n\n<p>La reuni\u00f3n tambi\u00e9n permiti\u00f3 avanzar en conversaciones vinculadas a la Uni\u00f3n C\u00edvica Radical, su presente y los desaf\u00edos pol\u00edticos de cara a los pr\u00f3ximos a\u00f1os.<\/p>\n\n\n\n<p><\/p>\n","protected":false},"excerpt":{"rendered":"<p>Gustavo Vald\u00e9s mantuvo este viernes un encuentro en la ciudad de Rosario con el gobernador de Santa Fe, Maximiliano Pullaro, con quien dialog\u00f3 sobre distintos temas vinculados al desarrollo de&hellip; <\/p>\n","protected":false},"author":6,"featured_media":270090,"comment_status":"closed","ping_status":"open","sticky":false,"template":"","format":"standard","meta":{"footnotes":""},"categories":[3],"tags":[],"class_list":["post-270088","post","type-post","status-publish","format-standard","has-post-thumbnail","hentry","category-politica"],"_links":{"self":[{"href":"https:\/\/corrientesdetarde.com\/index.php\/wp-json\/wp\/v2\/posts\/270088","targetHints":{"allow":["GET"]}}],"collection":[{"href":"https:\/\/corrientesdetarde.com\/index.php\/wp-json\/wp\/v2\/posts"}],"about":[{"href":"https:\/\/corrientesdetarde.com\/index.php\/wp-json\/wp\/v2\/types\/post"}],"author":[{"embeddable":true,"href":"https:\/\/corrientesdetarde.com\/index.php\/wp-json\/wp\/v2\/users\/6"}],"replies":[{"embeddable":true,"href":"https:\/\/corrientesdetarde.com\/index.php\/wp-json\/wp\/v2\/comments?post=270088"}],"version-history":[{"count":1,"href":"https:\/\/corrientesdetarde.com\/index.php\/wp-json\/wp\/v2\/posts\/270088\/revisions"}],"predecessor-version":[{"id":270091,"href":"https:\/\/corrientesdetarde.com\/index.php\/wp-json\/wp\/v2\/posts\/270088\/revisions\/270091"}],"wp:featuredmedia":[{"embeddable":true,"href":"https:\/\/corrientesdetarde.com\/index.php\/wp-json\/wp\/v2\/media\/270090"}],"wp:attachment":[{"href":"https:\/\/corrientesdetarde.com\/index.php\/wp-json\/wp\/v2\/media?parent=270088"}],"wp:term":[{"taxonomy":"category","embeddable":true,"href":"https:\/\/corrientesdetarde.com\/index.php\/wp-json\/wp\/v2\/categories?post=270088"},{"taxonomy":"post_tag","embeddable":true,"href":"https:\/\/corrientesdetarde.com\/index.php\/wp-json\/wp\/v2\/tags?post=270088"}],"curies":[{"name":"wp","href":"https:\/\/api.w.org\/{rel}","templated":true}]}}