{"id":270101,"date":"2026-09-05T12:00:00","date_gmt":"2026-09-05T15:00:00","guid":{"rendered":"https:\/\/corrientesdetarde.com\/?p=270101"},"modified":"2026-09-05T12:35:51","modified_gmt":"2026-09-05T15:35:51","slug":"murio-alberto-iribarne-exministro-de-justicia-de-nestor-kirchner","status":"publish","type":"post","link":"https:\/\/corrientesdetarde.com\/index.php\/informacion-general\/murio-alberto-iribarne-exministro-de-justicia-de-nestor-kirchner\/","title":{"rendered":"Muri\u00f3 Alberto Iribarne, exministro de Justicia de N\u00e9stor Kirchner."},"content":{"rendered":"\n<h2 class=\"wp-block-heading\">El abogado y dirigente peronista ten\u00eda 76 a\u00f1os. Su fallecimiento fue confirmado por una de sus hijas a trav\u00e9s de las redes sociales. Iribarne hab\u00eda sido ministro de Justicia, Seguridad y Derechos Humanos durante el gobierno de N\u00e9stor Kirchner y embajador argentino en Uruguay durante la gesti\u00f3n de Alberto Fern\u00e1ndez.<\/h2>\n\n\n\n<p><strong>Alberto Iribarne, exministro de Justicia, Seguridad y Derechos Humanos durante el gobierno de N\u00e9stor Kirchner,\u00a0<\/strong>muri\u00f3\u00a0este s\u00e1bado a los 76 a\u00f1os.<\/p>\n\n\n\n<p>La noticia fue confirmada por una de sus hijas, In\u00e9s, a trav\u00e9s de una publicaci\u00f3n en su cuenta de Instagram.<\/p>\n\n\n\n<p>Abogado y dirigente peronista de extensa trayectoria, Iribarne hab\u00eda nacido en Buenos Aires el 2 de agosto de 1950 y se gradu\u00f3 en la Universidad de Buenos Aires en 1974.<strong>&nbsp;Desde joven estuvo vinculado al Partido Justicialista y ocup\u00f3 distintos cargos partidarios y en la administraci\u00f3n p\u00fablica.<\/strong><\/p>\n\n\n\n<p>Durante la administraci\u00f3n de N\u00e9stor Kirchner ocup\u00f3 distintos cargos: primero fue s\u00edndico general de la Naci\u00f3n, entre 2003 y 2004, y luego secretario de Seguridad Interior. En julio de 2005, tras la salida de Horacio Rosatti,&nbsp;<strong>asumi\u00f3 como ministro de Justicia, Seguridad y Derechos Humanos, cargo que mantuvo hasta el final del mandato de Kirchner, en diciembre de 2007<\/strong>.<\/p>\n\n\n\n<p>En 2019, Alberto Fern\u00e1ndez lo eligi\u00f3 como embajador argentino en Uruguay. Fue\u00a0designado formalmente en 2020\u00a0y permaneci\u00f3 al frente de la representaci\u00f3n diplom\u00e1tica argentina en Montevideo hasta el final de ese gobierno.<\/p>\n\n\n\n<p><strong>Hasta el momento, no trascendieron p\u00fablicamente detalles sobre las causas de su fallecimiento<\/strong>.<\/p>\n","protected":false},"excerpt":{"rendered":"<p>El abogado y dirigente peronista ten\u00eda 76 a\u00f1os. Su fallecimiento fue confirmado por una de sus hijas a trav\u00e9s de las redes sociales. Iribarne hab\u00eda sido ministro de Justicia, Seguridad&hellip; <\/p>\n","protected":false},"author":6,"featured_media":270109,"comment_status":"closed","ping_status":"open","sticky":false,"template":"","format":"standard","meta":{"footnotes":""},"categories":[1],"tags":[],"class_list":["post-270101","post","type-post","status-publish","format-standard","has-post-thumbnail","hentry","category-informacion-general"],"_links":{"self":[{"href":"https:\/\/corrientesdetarde.com\/index.php\/wp-json\/wp\/v2\/posts\/270101","targetHints":{"allow":["GET"]}}],"collection":[{"href":"https:\/\/corrientesdetarde.com\/index.php\/wp-json\/wp\/v2\/posts"}],"about":[{"href":"https:\/\/corrientesdetarde.com\/index.php\/wp-json\/wp\/v2\/types\/post"}],"author":[{"embeddable":true,"href":"https:\/\/corrientesdetarde.com\/index.php\/wp-json\/wp\/v2\/users\/6"}],"replies":[{"embeddable":true,"href":"https:\/\/corrientesdetarde.com\/index.php\/wp-json\/wp\/v2\/comments?post=270101"}],"version-history":[{"count":1,"href":"https:\/\/corrientesdetarde.com\/index.php\/wp-json\/wp\/v2\/posts\/270101\/revisions"}],"predecessor-version":[{"id":270110,"href":"https:\/\/corrientesdetarde.com\/index.php\/wp-json\/wp\/v2\/posts\/270101\/revisions\/270110"}],"wp:featuredmedia":[{"embeddable":true,"href":"https:\/\/corrientesdetarde.com\/index.php\/wp-json\/wp\/v2\/media\/270109"}],"wp:attachment":[{"href":"https:\/\/corrientesdetarde.com\/index.php\/wp-json\/wp\/v2\/media?parent=270101"}],"wp:term":[{"taxonomy":"category","embeddable":true,"href":"https:\/\/corrientesdetarde.com\/index.php\/wp-json\/wp\/v2\/categories?post=270101"},{"taxonomy":"post_tag","embeddable":true,"href":"https:\/\/corrientesdetarde.com\/index.php\/wp-json\/wp\/v2\/tags?post=270101"}],"curies":[{"name":"wp","href":"https:\/\/api.w.org\/{rel}","templated":true}]}}