{"id":270112,"date":"2026-09-06T04:27:55","date_gmt":"2026-09-06T07:27:55","guid":{"rendered":"https:\/\/corrientesdetarde.com\/?p=270112"},"modified":"2026-09-06T04:28:05","modified_gmt":"2026-09-06T07:28:05","slug":"valdes-presento-en-iguazu-el-modelo-correntino-para-atraer-inversiones-y-generar-desarrollo","status":"publish","type":"post","link":"https:\/\/corrientesdetarde.com\/index.php\/informacion-general\/valdes-presento-en-iguazu-el-modelo-correntino-para-atraer-inversiones-y-generar-desarrollo\/","title":{"rendered":"Vald\u00e9s present\u00f3 en Iguaz\u00fa el modelo correntino para atraer inversiones y generar desarrollo"},"content":{"rendered":"\n<p><em>El gobernador de Corrientes expuso junto a sus pares de Mendoza, Catamarca y Misiones en la 47\u00b0 Convenci\u00f3n Anual del Instituto Argentino de Ejecutivos de Finanzas y destac\u00f3 las condiciones que ofrece la provincia para atraer inversiones por medio de ventajas impositivas y el desarrollo de los parques industriales.<\/em><\/p>\n\n\n\n<p>El gobernador de Corrientes, Juan Pablo Vald\u00e9s, particip\u00f3 este viernes en Iguaz\u00fa, Misiones, de la 47\u00b0 Convenci\u00f3n Anual del Instituto Argentino de Ejecutivos de Finanzas (IAEF), denominada \u201cArgentina: de la estabilidad al crecimiento. C\u00f3mo generar competitividad sostenida\u201d. El encuentro re\u00fane a dirigentes pol\u00edticos, empresarios, economistas y representantes del sector financiero para analizar las perspectivas econ\u00f3micas y productivas del pa\u00eds.<\/p>\n\n\n\n<p>En el marco del panel \u201cEl rol de las provincias en la transformaci\u00f3n competitiva del pa\u00eds\u201d, Vald\u00e9s comparti\u00f3 la realidad de Corrientes junto a los gobernadores de Mendoza, Alfredo Cornejo; Catamarca, Ra\u00fal Jalil; y Misiones, Hugo Passalacqua. En ese \u00e1mbito, puso el foco en las pol\u00edticas que impulsa la provincia para generar condiciones favorables para la inversi\u00f3n y ampliar las oportunidades de crecimiento y desarrollo productivo.<\/p>\n\n\n\n<p><strong>Sobre puertos, industria<\/strong><\/p>\n\n\n\n<p>Con respecto, a esto, Juan Pablo Vald\u00e9s destac\u00f3 el movimiento que comienza a registrarse en el puerto de Corrientes y la llegada de inversiones vinculadas a la industria. Destac\u00f3 la llegada de la primera planta industrial de CLT a la provincia, \u00fanica en el pa\u00eds y que se instalar\u00e1 en la localidad de Virasoro.<\/p>\n\n\n\n<p>En relaci\u00f3n con la cuesti\u00f3n tributaria, Vald\u00e9s destac\u00f3 que Corrientes se encuentra entre las provincias con menor presi\u00f3n fiscal y puso en valor el marco normativo que, seg\u00fan explic\u00f3, busca proteger y promover las inversiones.<\/p>\n\n\n\n<p>\u201cCorrientes es una de las provincias que menor presi\u00f3n fiscal tiene y tiene una Ley 5.470, un marco normativo que protege las inversiones\u201d, se\u00f1al\u00f3 el gobernador.<\/p>\n\n\n\n<p>Vald\u00e9s adelant\u00f3 que la provincia est\u00e1 incorporando nuevos convenios con los municipios para reducir las tasas municipales, y disminuir la presi\u00f3n tributaria.&nbsp; \u201cEn Corrientes entendimos que lo mejor que podemos hacer es acompa\u00f1ar al privado y acompa\u00f1ar al crecimiento de los 19 parques industriales\u201d, afirm\u00f3.<\/p>\n\n\n\n<p>En esa l\u00ednea, sostuvo que el objetivo del Gobierno provincial es generar condiciones para que las empresas puedan concentrarse en producir, generar oportunidades y contribuir al crecimiento econ\u00f3mico de los correntinos. \u201cPara que hagan lo que saben hacer que es producir y desde nuestro lugar generar oportunidades y darles crecimiento a todos los correntinos\u201d, afirm\u00f3.<\/p>\n\n\n\n<p>Al finalizar Vald\u00e9s destac\u00f3 el potencial productivo de las provincias y remarc\u00f3 que \u201cen el interior est\u00e1 la gran riqueza del pa\u00eds\u201d, por lo que consider\u00f3 necesario generar las condiciones para que ese potencial pueda traducirse en desarrollo y oportunidades.<\/p>\n","protected":false},"excerpt":{"rendered":"<p>El gobernador de Corrientes expuso junto a sus pares de Mendoza, Catamarca y Misiones en la 47\u00b0 Convenci\u00f3n Anual del Instituto Argentino de Ejecutivos de Finanzas y destac\u00f3 las condiciones&hellip; <\/p>\n","protected":false},"author":1,"featured_media":270119,"comment_status":"closed","ping_status":"open","sticky":false,"template":"","format":"standard","meta":{"footnotes":""},"categories":[1],"tags":[],"class_list":["post-270112","post","type-post","status-publish","format-standard","has-post-thumbnail","hentry","category-informacion-general"],"_links":{"self":[{"href":"https:\/\/corrientesdetarde.com\/index.php\/wp-json\/wp\/v2\/posts\/270112","targetHints":{"allow":["GET"]}}],"collection":[{"href":"https:\/\/corrientesdetarde.com\/index.php\/wp-json\/wp\/v2\/posts"}],"about":[{"href":"https:\/\/corrientesdetarde.com\/index.php\/wp-json\/wp\/v2\/types\/post"}],"author":[{"embeddable":true,"href":"https:\/\/corrientesdetarde.com\/index.php\/wp-json\/wp\/v2\/users\/1"}],"replies":[{"embeddable":true,"href":"https:\/\/corrientesdetarde.com\/index.php\/wp-json\/wp\/v2\/comments?post=270112"}],"version-history":[{"count":1,"href":"https:\/\/corrientesdetarde.com\/index.php\/wp-json\/wp\/v2\/posts\/270112\/revisions"}],"predecessor-version":[{"id":270120,"href":"https:\/\/corrientesdetarde.com\/index.php\/wp-json\/wp\/v2\/posts\/270112\/revisions\/270120"}],"wp:featuredmedia":[{"embeddable":true,"href":"https:\/\/corrientesdetarde.com\/index.php\/wp-json\/wp\/v2\/media\/270119"}],"wp:attachment":[{"href":"https:\/\/corrientesdetarde.com\/index.php\/wp-json\/wp\/v2\/media?parent=270112"}],"wp:term":[{"taxonomy":"category","embeddable":true,"href":"https:\/\/corrientesdetarde.com\/index.php\/wp-json\/wp\/v2\/categories?post=270112"},{"taxonomy":"post_tag","embeddable":true,"href":"https:\/\/corrientesdetarde.com\/index.php\/wp-json\/wp\/v2\/tags?post=270112"}],"curies":[{"name":"wp","href":"https:\/\/api.w.org\/{rel}","templated":true}]}}