{"id":270115,"date":"2026-09-06T04:22:43","date_gmt":"2026-09-06T07:22:43","guid":{"rendered":"https:\/\/corrientesdetarde.com\/?p=270115"},"modified":"2026-09-06T04:22:55","modified_gmt":"2026-09-06T07:22:55","slug":"camion-choco-la-parte-trasera-de-otro-transporte-y-murio-el-chofer","status":"publish","type":"post","link":"https:\/\/corrientesdetarde.com\/index.php\/locales\/camion-choco-la-parte-trasera-de-otro-transporte-y-murio-el-chofer\/","title":{"rendered":"Cami\u00f3n choc\u00f3 la parte trasera de otro transporte y muri\u00f3 el chofer"},"content":{"rendered":"\n<p>Un hombre muri\u00f3 como consecuencia del choque entre el cami\u00f3n que conduc\u00eda y otro transporte que circulaba en igual sentido sobre la Ruta Nacional 119, en el departamento correntino de Mercedes.<\/p>\n\n\n\n<p><\/p>\n\n\n\n<p>La v\u00edctima fue rescatada con vida de entre los metales retorcidos de la cabina, pero poco despu\u00e9s falleci\u00f3, informaron ayer fuentes oficiales.<\/p>\n\n\n\n<p>El chofer oriundo de la localidad de San Isidro, provincia de Buenos Aires, respond\u00eda a la identidad de Javier Alfredo Carca\u00f1o y ocupaba un Volkswagen con semirremolque, el cual impact\u00f3 de atr\u00e1s a un Mercedes Benz 1114.<\/p>\n\n\n\n<p>Ante la magnitud del siniestro hubo un dispositivo de auxilio dispuesto entre efectivos de la comisar\u00eda seccional Segunda de Mercedes, una dotaci\u00f3n de bomberos voluntarios y personal sanitario.<\/p>\n\n\n\n<p>La tragedia tuvo como escenario al kil\u00f3metro 107, donde el Volkswagen conducido por Carca\u00f1o colision\u00f3 de atr\u00e1s al Mercedes Benz, manejado por un hombre de apellido Ram\u00edrez.<\/p>\n\n\n\n<p>Fuentes policiales precisaron que la alerta sobre el incidente vial fue recibida alrededor de las 2.<\/p>\n\n\n\n<h2 class=\"wp-block-heading\">Atrapado<\/h2>\n\n\n\n<p>Al llegar al escenario del choque, los socorristas encontraron al camionero atrapado en la cabina con severas lesiones en las extremidades y el t\u00f3rax.<\/p>\n\n\n\n<p>El cami\u00f3n semirremolque en el que transitaba la v\u00edctima fatal transportaba un contenedor.<\/p>\n\n\n\n<p>A ra\u00edz de la violencia del impacto, la estructura de la cabina qued\u00f3 totalmente destrozada y desplazada hacia atr\u00e1s por m\u00e1s de un metro.<\/p>\n\n\n\n<p>El camionero fallecido fue sacado del habit\u00e1culo mediante intensas tareas de bomberos, quienes utilizaron diversas herramientas de corte para poder concretar la extracci\u00f3n.<\/p>\n\n\n\n<p>De acuerdo a las fuentes consultadas, el hombre fue llevado con escasos signos vitales al hospital Las Mercedes, donde un poco m\u00e1s tarde los m\u00e9dicos notificaron sobre su muerte debido a las m\u00faltiples y grav\u00edsimas heridas.<\/p>\n\n\n\n<p>Al parecer, el Mercedes Benz circulaba a baja velocidad a la altura de las ex v\u00edas del ferrocarril, despu\u00e9s de que su conductor retomara la ruta y el chofer que muri\u00f3 no alcanz\u00f3 a frenar.<\/p>\n\n\n\n<p>Las personas que perdieron la vida a causa de siniestros viales en todo el territorio correntino, en lo transcurrido del presente a\u00f1o, ascienden a 86.<\/p>\n\n\n\n<p>La estad\u00edstica se\u00f1ala que de ese total 72 personas murieron debido a incidentes de tr\u00e1nsito en rutas, avenidas y calles del interior.<\/p>\n","protected":false},"excerpt":{"rendered":"<p>Un hombre muri\u00f3 como consecuencia del choque entre el cami\u00f3n que conduc\u00eda y otro transporte que circulaba en igual sentido sobre la Ruta Nacional 119, en el departamento correntino de&hellip; <\/p>\n","protected":false},"author":1,"featured_media":270116,"comment_status":"closed","ping_status":"open","sticky":false,"template":"","format":"standard","meta":{"footnotes":""},"categories":[8],"tags":[],"class_list":["post-270115","post","type-post","status-publish","format-standard","has-post-thumbnail","hentry","category-locales"],"_links":{"self":[{"href":"https:\/\/corrientesdetarde.com\/index.php\/wp-json\/wp\/v2\/posts\/270115","targetHints":{"allow":["GET"]}}],"collection":[{"href":"https:\/\/corrientesdetarde.com\/index.php\/wp-json\/wp\/v2\/posts"}],"about":[{"href":"https:\/\/corrientesdetarde.com\/index.php\/wp-json\/wp\/v2\/types\/post"}],"author":[{"embeddable":true,"href":"https:\/\/corrientesdetarde.com\/index.php\/wp-json\/wp\/v2\/users\/1"}],"replies":[{"embeddable":true,"href":"https:\/\/corrientesdetarde.com\/index.php\/wp-json\/wp\/v2\/comments?post=270115"}],"version-history":[{"count":1,"href":"https:\/\/corrientesdetarde.com\/index.php\/wp-json\/wp\/v2\/posts\/270115\/revisions"}],"predecessor-version":[{"id":270117,"href":"https:\/\/corrientesdetarde.com\/index.php\/wp-json\/wp\/v2\/posts\/270115\/revisions\/270117"}],"wp:featuredmedia":[{"embeddable":true,"href":"https:\/\/corrientesdetarde.com\/index.php\/wp-json\/wp\/v2\/media\/270116"}],"wp:attachment":[{"href":"https:\/\/corrientesdetarde.com\/index.php\/wp-json\/wp\/v2\/media?parent=270115"}],"wp:term":[{"taxonomy":"category","embeddable":true,"href":"https:\/\/corrientesdetarde.com\/index.php\/wp-json\/wp\/v2\/categories?post=270115"},{"taxonomy":"post_tag","embeddable":true,"href":"https:\/\/corrientesdetarde.com\/index.php\/wp-json\/wp\/v2\/tags?post=270115"}],"curies":[{"name":"wp","href":"https:\/\/api.w.org\/{rel}","templated":true}]}}