{"id":270123,"date":"2026-09-06T10:29:01","date_gmt":"2026-09-06T13:29:01","guid":{"rendered":"https:\/\/corrientesdetarde.com\/?p=270123"},"modified":"2026-09-06T10:29:13","modified_gmt":"2026-09-06T13:29:13","slug":"la-justicia-inhibio-los-bienes-musimundo-para-pagar-sus-deudas","status":"publish","type":"post","link":"https:\/\/corrientesdetarde.com\/index.php\/locales\/la-justicia-inhibio-los-bienes-musimundo-para-pagar-sus-deudas\/","title":{"rendered":"La Justicia inhibi\u00f3 los bienes Musimundo para pagar sus deudas"},"content":{"rendered":"\n<p>Hace una semana, la firma chaque\u00f1a CARSA S.A decidi\u00f3 bajar las persianas en sus cuatro sucursales de Capital y nueve en el interior. As\u00ed despidi\u00f3, sin previo aviso, a 45 personas en la ciudad de Corrientes y unas 90 entre los locales de Mercedes, Goya, Esquina, Bella Vista, Ituzaing\u00f3, Monte Caseros, Paso de los Libres y Virasoro.<\/p>\n\n\n\n<p>El intempestivo cierre afect\u00f3 tambi\u00e9n a las sucursales de Chaco, Formosa, Misiones y Buenos Aires. Una red que acumulaba 44 tiendas. Una pila de deudas incobrables fueron las principales causantes para que el Juzgado Civil y Comercial N\u00b023 de Resistencia, Chaco, decretara la quiebra el pasado 2 de septiembre.<\/p>\n\n\n\n<p>Inmediatamente, los exempleados, a los que no se les dio ning\u00fan tipo de explicaci\u00f3n, debieron comenzar a tramitar sus indemnizaciones por despidos. Un tr\u00e1mite que, debido a la &#8220;muerte jur\u00eddica&#8221; de la firma, pas\u00f3 de un fuero laboral a uno civil y comercial. Por estos motivos requiere un tr\u00e1mite excepcional y pocas veces visto para esta parte del pa\u00eds.<\/p>\n\n\n\n<p>Si bien se rumoreaba que la cadena On City, propiedad de Electr\u00f3nica Megatone S.R.L, pod\u00eda absorber las sucursales, la insolvencia de CARSA oblig\u00f3 al juez Fernando Luis Lavenas a tomar la dr\u00e1stica decisi\u00f3n. Tan abultada es la deuda de la empresa &#8211; se habl\u00f3 de m\u00e1s $63.500 millones- que la Justicia consider\u00f3 inviable la transferencia de estas obligaciones.<\/p>\n\n\n\n<figure class=\"wp-block-image\"><img decoding=\"async\" src=\"https:\/\/www.diarioepoca.com\/content\/bucket\/1\/1507411w380h623c.jpg.webp\" alt=\"\"\/><\/figure>\n\n\n\n<h2 class=\"wp-block-heading\">La situaci\u00f3n de los despedidos<\/h2>\n\n\n\n<p>El estudio jur\u00eddico y Asociados asumi\u00f3 la defensa de diez de los perjudicados en Corrientes hasta la fecha. A la vez que reciben una larga lista de consultas para tomar otros patrocinios en \u00e9l . &#8220;El proceso judicial no tomar\u00e1 el rumbo de un juicio laboral convencional. Debido a la situaci\u00f3n de quiebra de la empresa, deber\u00e1n presentarse como un acreedor de la deuda general&#8221;, explic\u00f3, en una entrevista Gonzalo Saravia, principal referente del estudio.<\/p>\n\n\n\n<p>La buena noticia es que ellos tienen una posici\u00f3n de privilegio ante otros reclamantes como bancos o empresas de servicios. &#8220;Ante la quiebra no se pierde ning\u00fan derecho. Se va a buscar pagar los pasivos con los activos que tenga la empresa&#8221;, destac\u00f3 el letrado. Por activos se entienden veh\u00edculos, inmuebles, mercader\u00eda y el capital financiero.<\/p>\n\n\n\n<p>Los acreedores tendr\u00e1n tiempo de presentarse hasta el 6 de noviembre en el expediente de quiebra que tramita el Juzgado Civil y Comercial N\u00ba23 de Chaco. Los papeles fundamentales son el telegrama de despido, el \u00faltimo recibo de sueldo o la liquidaci\u00f3n final, y la presentaci\u00f3n de un poder para los abogados.<\/p>\n\n\n\n<p>Saravia record\u00f3 que cada damnificado podr\u00e1 presentarse con un letrado de confianza, ya que cada situaci\u00f3n es particular. &#8220;La situaci\u00f3n es compleja y los cr\u00e9ditos son distintos en cada caso. Por ejemplo, existen extrabajadores con distintos a\u00f1os de antig\u00fcedad&#8221;, acot\u00f3.<\/p>\n\n\n\n<h2 class=\"wp-block-heading\">\u00bfCu\u00e1ndo cobran?<\/h2>\n\n\n\n<p>El proceso ser\u00e1 encabezado por un s\u00edndico y un juez. El primero ser\u00e1 el encargado de determinar el patrimonio de CARSA y el segundo distribuir\u00e1 el total entre los acreedores seg\u00fan considere necesario.<\/p>\n\n\n\n<p>Seg\u00fan el cronograma publicado, el informe individual de la sindicatura deber\u00e1 ser presentado el 30 de marzo de 2027, mientras que el informe general tiene como fecha prevista el 25 de junio de 2027.<\/p>\n\n\n\n<p>Saravia explic\u00f3 que los electrodom\u00e9sticos y otros bienes tangibles tendr\u00e1n que ser subastados a fin de convertirlos en &#8220;dinero liquido&#8221;. &#8220;Los exempleados deben tener la seguridad que no van a pagarles con electrodom\u00e9sticos&#8221;, sostuvo.<\/p>\n\n\n\n<p>El letrado manifest\u00f3 que tanto su estudio como otros defensores intervinientes har\u00e1n todo lo posible para que se cobre la indemnizaci\u00f3n total. Aunque puede pasar que el capital total no alcance para satisfacer las demandas de todos los acreedores. En esta instancia, ser\u00e1 el juez quien determine los montos finales.<\/p>\n\n\n\n<p>Vale recordar que la Ley de Concursos y Quiebras contempla la inhibici\u00f3n de bienes. Por estos motivos no existe posibilidad de que los due\u00f1os de la firma vendan o se desprendan de sus activos. &#8220;Todo ser\u00e1 un proceso engorroso, pero tenemos una ley que lo regula&#8221;, llev\u00f3 tranquilidad el abogado.<\/p>\n\n\n\n<p>Quienes deseen contar con su patrocinio pueden comunicarse al 379-408-9162. Por \u00faltimo, Saravia expres\u00f3 una opini\u00f3n personal: &#8220;Las pol\u00edticas del Gobierno nacional est\u00e1n llevando a cierres y despidos, no es una situaci\u00f3n exclusiva de Corrientes&#8221;.<\/p>\n\n\n\n<figure class=\"wp-block-image\"><img decoding=\"async\" src=\"https:\/\/www.diarioepoca.com\/content\/bucket\/0\/1507410w380h231c.jpg.webp\" alt=\"\"\/><\/figure>\n\n\n\n<h2 class=\"wp-block-heading\">\u00bfQui\u00e9nes est\u00e1n detr\u00e1s de CARSA?<\/h2>\n\n\n\n<p>Fundada en Resistencia en 1977, la compa\u00f1\u00eda qued\u00f3 durante d\u00e9cadas ligada a nombres como Jos\u00e9 Mar\u00eda Franchino, Gin\u00e9s Roberto S\u00e1ez, Marta Ofelia S\u00e1ez y Jorge Rodolfo Antonio Moreno.<\/p>\n\n\n\n<p>Con el tiempo, la financiaci\u00f3n lleg\u00f3 a ser tan importante \u0097o incluso m\u00e1s\u0097 que el margen obtenido por el producto en s\u00ed. Vend\u00edan electrodom\u00e9sticos, pero el gran negocio estaba en el cr\u00e9dito.<\/p>\n\n\n\n<p>Esa f\u00f3rmula le permiti\u00f3 crecer con fuerza en Chaco y el Nordeste. En los a\u00f1os 80 comenz\u00f3 a vincularse con Bazar Avenida, de Rafaela, y Electr\u00f3nica Megatone, de Santa Fe, en un proceso que terminar\u00eda dando forma a la Red Megatone.<\/p>\n\n\n\n<p>El crecimiento de CARSA tom\u00f3 verdadera dimensi\u00f3n en los a\u00f1os 90, cuando esa alianza se consolid\u00f3. Las tres empresas del interior compartieron compras, publicidad y escala para competir de igual a igual con cadenas nacionales como Garbarino y Fr\u00e1vega.<\/p>\n\n\n\n<p>Con los a\u00f1os, la alianza original comenz\u00f3 a modificarse. La crisis de Bazar Avenida, perteneciente a la familia Santi de Rafaela, Santa Fe, alter\u00f3 el esquema y CARSA dio luego otro salto decisivo: avanz\u00f3 sobre Musimundo, una marca hist\u00f3rica que hasta pasados los a\u00f1os 2000 estuvo fuertemente vinculada a la m\u00fasica, especialmente a la venta de discos y CD.<\/p>\n\n\n\n<p>A partir de all\u00ed, muchos locales de la Red Megatone comenzaron a transformarse en Musimundo y la cadena pas\u00f3 a concentrarse cada vez m\u00e1s en electrodom\u00e9sticos y tecnolog\u00eda.<\/p>\n","protected":false},"excerpt":{"rendered":"<p>Hace una semana, la firma chaque\u00f1a CARSA S.A decidi\u00f3 bajar las persianas en sus cuatro sucursales de Capital y nueve en el interior. As\u00ed despidi\u00f3, sin previo aviso, a 45&hellip; <\/p>\n","protected":false},"author":1,"featured_media":270124,"comment_status":"closed","ping_status":"open","sticky":false,"template":"","format":"standard","meta":{"footnotes":""},"categories":[8],"tags":[],"class_list":["post-270123","post","type-post","status-publish","format-standard","has-post-thumbnail","hentry","category-locales"],"_links":{"self":[{"href":"https:\/\/corrientesdetarde.com\/index.php\/wp-json\/wp\/v2\/posts\/270123","targetHints":{"allow":["GET"]}}],"collection":[{"href":"https:\/\/corrientesdetarde.com\/index.php\/wp-json\/wp\/v2\/posts"}],"about":[{"href":"https:\/\/corrientesdetarde.com\/index.php\/wp-json\/wp\/v2\/types\/post"}],"author":[{"embeddable":true,"href":"https:\/\/corrientesdetarde.com\/index.php\/wp-json\/wp\/v2\/users\/1"}],"replies":[{"embeddable":true,"href":"https:\/\/corrientesdetarde.com\/index.php\/wp-json\/wp\/v2\/comments?post=270123"}],"version-history":[{"count":1,"href":"https:\/\/corrientesdetarde.com\/index.php\/wp-json\/wp\/v2\/posts\/270123\/revisions"}],"predecessor-version":[{"id":270125,"href":"https:\/\/corrientesdetarde.com\/index.php\/wp-json\/wp\/v2\/posts\/270123\/revisions\/270125"}],"wp:featuredmedia":[{"embeddable":true,"href":"https:\/\/corrientesdetarde.com\/index.php\/wp-json\/wp\/v2\/media\/270124"}],"wp:attachment":[{"href":"https:\/\/corrientesdetarde.com\/index.php\/wp-json\/wp\/v2\/media?parent=270123"}],"wp:term":[{"taxonomy":"category","embeddable":true,"href":"https:\/\/corrientesdetarde.com\/index.php\/wp-json\/wp\/v2\/categories?post=270123"},{"taxonomy":"post_tag","embeddable":true,"href":"https:\/\/corrientesdetarde.com\/index.php\/wp-json\/wp\/v2\/tags?post=270123"}],"curies":[{"name":"wp","href":"https:\/\/api.w.org\/{rel}","templated":true}]}}