{"id":270134,"date":"2026-09-06T17:55:03","date_gmt":"2026-09-06T20:55:03","guid":{"rendered":"https:\/\/corrientesdetarde.com\/?p=270134"},"modified":"2026-09-06T17:55:15","modified_gmt":"2026-09-06T20:55:15","slug":"tras-la-reconstruccion-de-la-defensa-costera-el-municipio-avanza-con-nuevas-obras-en-la-playa-malvinas-ii","status":"publish","type":"post","link":"https:\/\/corrientesdetarde.com\/index.php\/actualidad\/tras-la-reconstruccion-de-la-defensa-costera-el-municipio-avanza-con-nuevas-obras-en-la-playa-malvinas-ii\/","title":{"rendered":"Tras la reconstrucci\u00f3n de la defensa costera, el Municipio avanza con nuevas obras en la playa Malvinas II"},"content":{"rendered":"\n<p>El intendente Polich recorri\u00f3 los trabajos que contin\u00faan en este sector de la Costanera. Tras finalizar la reconstrucci\u00f3n de unos 60 metros de defensa costera, la Municipalidad avanza con nuevas escaleras, una plataforma, mejoras en desag\u00fces, accesibilidad y otros trabajos para fortalecer la seguridad y los servicios.<\/p>\n\n\n\n<p>El intendente Claudio Polich supervis\u00f3 el avance de las obras que la Municipalidad ejecuta en la playa Islas Malvinas II, donde ya finaliz\u00f3 la reconstrucci\u00f3n de la defensa costera y se avanza ahora con una serie de intervenciones destinadas a mejorar la infraestructura y funcionalidad del espacio.<\/p>\n\n\n\n<figure class=\"wp-block-image size-large\"><img loading=\"lazy\" decoding=\"async\" width=\"1024\" height=\"761\" src=\"https:\/\/corrientesdetarde.com\/wp-content\/uploads\/2026\/09\/Captura-de-pantalla-2026-09-06-171540-1024x761.png\" alt=\"\" class=\"wp-image-270136\" srcset=\"https:\/\/corrientesdetarde.com\/wp-content\/uploads\/2026\/09\/Captura-de-pantalla-2026-09-06-171540-1024x761.png 1024w, https:\/\/corrientesdetarde.com\/wp-content\/uploads\/2026\/09\/Captura-de-pantalla-2026-09-06-171540-300x223.png 300w, https:\/\/corrientesdetarde.com\/wp-content\/uploads\/2026\/09\/Captura-de-pantalla-2026-09-06-171540-768x571.png 768w, https:\/\/corrientesdetarde.com\/wp-content\/uploads\/2026\/09\/Captura-de-pantalla-2026-09-06-171540.png 1193w\" sizes=\"auto, (max-width: 1024px) 100vw, 1024px\" \/><\/figure>\n\n\n\n<p><br><br>La defensa presentaba un importante deterioro y generaba riesgos para quienes concurren al lugar. La estructura hab\u00eda sido afectada por la erosi\u00f3n y el socavamiento producido tras la ca\u00edda de un \u00e1rbol de gran porte durante un per\u00edodo de intensas lluvias.<br><br>\u201cEran trabajos necesarios para preservar y proteger esta estructura\u201d, se\u00f1al\u00f3 Polich al destacar la finalizaci\u00f3n de la primera etapa de la intervenci\u00f3n.<br><\/p>\n\n\n\n<figure class=\"wp-block-image size-large\"><img loading=\"lazy\" decoding=\"async\" width=\"1024\" height=\"688\" src=\"https:\/\/corrientesdetarde.com\/wp-content\/uploads\/2026\/09\/Captura-de-pantalla-2026-09-06-171536-1024x688.png\" alt=\"\" class=\"wp-image-270137\" srcset=\"https:\/\/corrientesdetarde.com\/wp-content\/uploads\/2026\/09\/Captura-de-pantalla-2026-09-06-171536-1024x688.png 1024w, https:\/\/corrientesdetarde.com\/wp-content\/uploads\/2026\/09\/Captura-de-pantalla-2026-09-06-171536-300x202.png 300w, https:\/\/corrientesdetarde.com\/wp-content\/uploads\/2026\/09\/Captura-de-pantalla-2026-09-06-171536-768x516.png 768w, https:\/\/corrientesdetarde.com\/wp-content\/uploads\/2026\/09\/Captura-de-pantalla-2026-09-06-171536.png 1254w\" sizes=\"auto, (max-width: 1024px) 100vw, 1024px\" \/><\/figure>\n\n\n\n<p><br>M\u00c1S SERVICIOS<br>La recuperaci\u00f3n de la defensa constituye el punto de partida de un plan m\u00e1s amplio para refuncionalizar este sector de la Costanera y brindar mejores condiciones tanto a los vecinos como a quienes visitan la ciudad.<br><br>\u201cDecidimos darle m\u00e1s funcionalidad con nuevas escaleras de acceso a la playa, una plataforma para ampliar el espacio de la costanera, adem\u00e1s de reparaci\u00f3n de desag\u00fces del lugar y dem\u00e1s trabajos integrales para que la gente pueda disfrutar m\u00e1s este lugar\u201d, explic\u00f3 el intendente.<br><br>La intervenci\u00f3n contempla as\u00ed mejoras en los accesos, nuevos espacios de circulaci\u00f3n y permanencia y trabajos sobre el sistema de desag\u00fces pluviales, con el objetivo de optimizar el uso de la playa y reforzar las condiciones de seguridad.<br><br>UNA DEFENSA M\u00c1S RESISTENTE<br>El secretario de Obras P\u00fablicas, Sebasti\u00e1n G\u00f3mez de la Fuente, acompa\u00f1\u00f3 a Polich durante la recorrida y explic\u00f3 que la defensa costera hab\u00eda sufrido un colapso con las primeras lluvias de diciembre de 2025.<br><br>La nueva estructura tiene aproximadamente 60 metros de longitud y 3 metros de altura, e incorpora mejores sistemas de drenaje para facilitar el paso del agua de lluvia y evitar que el escurrimiento contin\u00fae degradando la barranca.<br><br>\u201cEra muy importante porque despu\u00e9s del colapso existe un riesgo para las personas y ba\u00f1istas y quienes ven\u00edan a disfrutar el lugar\u201d, se\u00f1al\u00f3 el funcionario.<br><br>En ese sentido, destac\u00f3 que la obra permite fortalecer la seguridad del sector no solamente para los vecinos y visitantes, sino tambi\u00e9n para las mascotas, teniendo en cuenta que Malvinas II es una playa pet friendly.<br><br>MEJOR ESCURRIMIENTO<br>Otro de los trabajos previstos comprende la intervenci\u00f3n de los tres desag\u00fces pluviales ubicados en este sector de la Costanera.<br><br>G\u00f3mez de la Fuente explic\u00f3 que, como consecuencia de las lluvias y de la erosi\u00f3n provocada por el agua, estas estructuras terminan interrumpiendo parte del espacio de playa y afectan la circulaci\u00f3n.<br><br>Las obras permitir\u00e1n mejorar el escurrimiento del agua de lluvia y reducir su impacto sobre el sector, complementando la reconstrucci\u00f3n de la defensa costera y las restantes intervenciones de infraestructura.<br><br>PLAYAS Y TURISMO<br>Polich remarc\u00f3 que estas acciones forman parte de uno de los ejes de trabajo de la gesti\u00f3n municipal: la revalorizaci\u00f3n de las playas de la ciudad como espacios de uso recreativo y, al mismo tiempo, como atractivos tur\u00edsticos.<br><br>\u201cLas obras de infraestructura apuntan a mejorar nuestros servicios y seguir posicionando las playas de Corrientes en la regi\u00f3n\u201d, sostuvo el intendente.<br><br>En ese sentido, vincul\u00f3 la mejora de la infraestructura tur\u00edstica con el movimiento econ\u00f3mico que genera la llegada de visitantes. \u201cCuantos m\u00e1s servicios tengamos, m\u00e1s gente vendr\u00e1 a visitarnos, m\u00e1s podr\u00e1n alojarse en nuestros hoteles y consumir nuestros productos, movimiento que genera entonces m\u00e1s trabajo en toda la ciudad\u201d, afirm\u00f3.<br><br>De esta manera, la intervenci\u00f3n en Malvinas II combina la recuperaci\u00f3n de una infraestructura necesaria para la seguridad con nuevas obras destinadas a ampliar y mejorar los servicios, en el marco de la pol\u00edtica municipal de puesta en valor de las playas correntinas.<\/p>\n","protected":false},"excerpt":{"rendered":"<p>El intendente Polich recorri\u00f3 los trabajos que contin\u00faan en este sector de la Costanera. Tras finalizar la reconstrucci\u00f3n de unos 60 metros de defensa costera, la Municipalidad avanza con nuevas&hellip; <\/p>\n","protected":false},"author":4,"featured_media":270135,"comment_status":"closed","ping_status":"open","sticky":false,"template":"","format":"standard","meta":{"footnotes":""},"categories":[23],"tags":[],"class_list":["post-270134","post","type-post","status-publish","format-standard","has-post-thumbnail","hentry","category-actualidad"],"_links":{"self":[{"href":"https:\/\/corrientesdetarde.com\/index.php\/wp-json\/wp\/v2\/posts\/270134","targetHints":{"allow":["GET"]}}],"collection":[{"href":"https:\/\/corrientesdetarde.com\/index.php\/wp-json\/wp\/v2\/posts"}],"about":[{"href":"https:\/\/corrientesdetarde.com\/index.php\/wp-json\/wp\/v2\/types\/post"}],"author":[{"embeddable":true,"href":"https:\/\/corrientesdetarde.com\/index.php\/wp-json\/wp\/v2\/users\/4"}],"replies":[{"embeddable":true,"href":"https:\/\/corrientesdetarde.com\/index.php\/wp-json\/wp\/v2\/comments?post=270134"}],"version-history":[{"count":1,"href":"https:\/\/corrientesdetarde.com\/index.php\/wp-json\/wp\/v2\/posts\/270134\/revisions"}],"predecessor-version":[{"id":270138,"href":"https:\/\/corrientesdetarde.com\/index.php\/wp-json\/wp\/v2\/posts\/270134\/revisions\/270138"}],"wp:featuredmedia":[{"embeddable":true,"href":"https:\/\/corrientesdetarde.com\/index.php\/wp-json\/wp\/v2\/media\/270135"}],"wp:attachment":[{"href":"https:\/\/corrientesdetarde.com\/index.php\/wp-json\/wp\/v2\/media?parent=270134"}],"wp:term":[{"taxonomy":"category","embeddable":true,"href":"https:\/\/corrientesdetarde.com\/index.php\/wp-json\/wp\/v2\/categories?post=270134"},{"taxonomy":"post_tag","embeddable":true,"href":"https:\/\/corrientesdetarde.com\/index.php\/wp-json\/wp\/v2\/tags?post=270134"}],"curies":[{"name":"wp","href":"https:\/\/api.w.org\/{rel}","templated":true}]}}