{"id":270139,"date":"2026-09-06T18:48:01","date_gmt":"2026-09-06T21:48:01","guid":{"rendered":"https:\/\/corrientesdetarde.com\/?p=270139"},"modified":"2026-09-06T18:48:13","modified_gmt":"2026-09-06T21:48:13","slug":"una-escuela-correntina-prohibe-el-uso-de-los-celulares-en-las-aulas","status":"publish","type":"post","link":"https:\/\/corrientesdetarde.com\/index.php\/actualidad\/una-escuela-correntina-prohibe-el-uso-de-los-celulares-en-las-aulas\/","title":{"rendered":"Una escuela correntina proh\u00edbe el uso de los celulares en las aulas"},"content":{"rendered":"\n<p>A partir de ma\u00f1ana, el nivel secundario de la instituci\u00f3n goyana no permitir\u00e1 el ingreso ni el uso de tel\u00e9fonos en clases. La decisi\u00f3n, impulsada por las propias familias, se ampara en la pol\u00edtica del Ministerio de Educaci\u00f3n de Corrientes de otorgar autonom\u00eda a los colegios.<\/p>\n\n\n\n<p>Las aulas de la provincia de Corrientes vuelven a convertirse en el escenario de una discusi\u00f3n crucial para la pedagog\u00eda contempor\u00e1nea: el rol de las pantallas en la ense\u00f1anza. A partir de este lunes 7 de septiembre, la comunidad educativa de la Escuela Normal &#8220;Dr. Mariano I. Loza&#8221; de la ciudad de Goya vivir\u00e1 una jornada de cambios con la entrada en vigencia de una norma restrictiva sobre los dispositivos m\u00f3viles en el nivel secundario.<\/p>\n\n\n\n<p>La medida, comunicada de manera oficial en las \u00faltimas horas, formaliza la postura de la instituci\u00f3n frente a la constante interferencia digital en el aprendizaje diario.<\/p>\n\n\n\n<h2 class=\"wp-block-heading\">La paradoja de prohibir en la era digital<\/h2>\n\n\n\n<p>La decisi\u00f3n de la escuela goyana de restringir el ingreso y uso de celulares en el nivel secundario reaviva una controversia de escala global en el plano local. Mientras que instituciones como esta avanzan hacia aulas desconectadas impulsadas por las propias familias, educadores y especialistas analizan los dos lados de la balanza en la educaci\u00f3n contempor\u00e1nea.<\/p>\n\n\n\n<p>Por un lado, la posici\u00f3n prohibitiva argumenta que el smartphone en el bolsillo funciona como un generador constante de microdistracciones. Diversos informes pedag\u00f3gicos advierten que el cerebro adolescente no posee a\u00fan desarrollada la capacidad plena de inhibir est\u00edmulos dise\u00f1ados para captar atenci\u00f3n continua. Quienes sostienen la restricci\u00f3n afirman que, para aprender a pensar con profundidad, la escuela debe resguardarse como un oasis de silencio y foco.<\/p>\n\n\n\n<p>Por el otro lado, defensores de la tecnolog\u00eda en la ense\u00f1anza se\u00f1alan que la prohibici\u00f3n total evade el rol central de la instituci\u00f3n escolar: educar para el mundo real. Prohibir el dispositivo dentro del establecimiento no ense\u00f1a al estudiante a autorregularse fuera de \u00e9l. Bajo esta mirada, el tel\u00e9fono no es el problema en s\u00ed mismo, sino la ausencia de secuencias did\u00e1cticas planificadas que orienten su uso con fines anal\u00edticos y creativos.<\/p>\n\n\n\n<h2 class=\"wp-block-heading\">El comunicado institucional<\/h2>\n\n\n\n<p>Para garantizar la transparencia e informaci\u00f3n hacia la comunidad escolar, la instituci\u00f3n hizo circular el documento directivo oficial remitido a los tutores.<\/p>\n\n\n\n<p>Estimadas familias:<\/p>\n\n\n\n<p>Informamos que, a partir del lunes 7 de septiembre, no estar\u00e1 permitido el ingreso ni el uso de tel\u00e9fonos celulares durante el desarrollo de las clases.<\/p>\n\n\n\n<p>La medida responde a las inquietudes planteadas en las \u00faltimas reuniones de padres y tiene como finalidad favorecer la atenci\u00f3n, la participaci\u00f3n y un adecuado clima de aprendizaje.<\/p>\n\n\n\n<p>Solicitamos el acompa\u00f1amiento y compromiso de las familias para el cumplimiento de esta disposici\u00f3n, entendiendo que el trabajo conjunto entre la instituci\u00f3n, los estudiantes y sus familias es fundamental para favorecer los procesos de ense\u00f1anza y aprendizaje.<\/p>\n\n\n\n<p>En el caso de urgencias, dirigirse a los preceptores. Agradecemos su comprensi\u00f3n y acompa\u00f1amiento.<\/p>\n\n\n\n<p>Equipo de Conducci\u00f3n. Nivel Secundario Escuela Normal &#8220;Dr. Mariano I. Loza&#8221;.<\/p>\n\n\n\n<h2 class=\"wp-block-heading\">An\u00e1lisis de la medida: las familias en el centro de la decisi\u00f3n<\/h2>\n\n\n\n<p>El an\u00e1lisis del caso goyano revela aspectos claves sobre c\u00f3mo se est\u00e1n gestando los cambios de convivencia dentro del sistema educativo regional. En primer lugar, la restricci\u00f3n adoptada por la Escuela Normal &#8220;Dr. Mariano I. Loza&#8221; no surge de una imposici\u00f3n verticalista ni aislada, sino del di\u00e1logo activo con los tutores. Las reuniones de padres fueron el catalizador donde la preocupaci\u00f3n colectiva por la falta de atenci\u00f3n, el aumento del aislamiento individual y las constantes distracciones por notificaciones en redes sociales encontraron eco en el equipo de conducci\u00f3n.<\/p>\n\n\n\n<p>A diferencia de regulaciones pedag\u00f3gicas enfocadas en integrar el tel\u00e9fono como dispositivo did\u00e1ctico, la decisi\u00f3n de la Escuela Normal abarca tanto el uso como el ingreso mismo del aparato durante el horario de clases, cerrando la puerta a grises o dobles interpretaciones dentro de la jornada escolar.<\/p>\n\n\n\n<p>La instituci\u00f3n tambi\u00e9n resolvi\u00f3 de forma clara la principal objeci\u00f3n familiar ante este tipo de prohibiciones: las urgencias. Canalizar las comunicaciones de emergencia exclusivamente a trav\u00e9s del cuerpo de preceptores restablece los canales institucionales tradicionales y desconecta al estudiante del estado de alerta constante frente a los chats.<\/p>\n\n\n\n<h2 class=\"wp-block-heading\">La postura de la ministra Ana Mi\u00f1o<\/h2>\n\n\n\n<p>El trasfondo institucional de esta disposici\u00f3n se alinea directamente con los lineamientos fijados por el Poder Ejecutivo Provincial. A nivel jurisdiccional, el Ministerio de Educaci\u00f3n de la Provincia de Corrientes fij\u00f3 una clara postura: no emitir una ley o resoluci\u00f3n de prohibici\u00f3n \u00fanica o generalizada para todas las escuelas de la provincia.<\/p>\n\n\n\n<p>En declaraciones anteriores, la ministra de Educaci\u00f3n Ana Mi\u00f1o fundament\u00f3 esta decisi\u00f3n al destacar que cada establecimiento educativo conoce de primera mano su contexto socioeducativo, sus recursos y las din\u00e1micas particulares de sus estudiantes. Bajo este concepto de autonom\u00eda institucional, el Gobierno provincial confiere la facultad a los equipos directivos y consejos escolares para determinar las reglas de convivencia digital dentro de sus aulas.<\/p>\n\n\n\n<p>Mientras otras jurisdicciones del pa\u00eds aplican prohibiciones totales impulsadas por ley centralizada, Corrientes apuesta a un modelo en que la comunidad de cada establecimiento determine el grado de restricci\u00f3n o integraci\u00f3n de las pantallas.<\/p>\n\n\n\n<p>El caso de la Escuela Normal de Goya no es un hecho aislado, sino la continuidad de una tendencia que viene ganando terreno en el interior correntino. La comparaci\u00f3n entre la norma que entra en vigor en Goya y la experiencia previa del Colegio Alba Gadea de la localidad de Mercedes permite observar distintos matices de aplicaci\u00f3n:<\/p>\n\n\n\n<p>La experiencia observada en Mercedes tras meses de implementaci\u00f3n dej\u00f3 datos positivos que sirvieron de incentivo para escuelas de otros puntos provinciales. Los docentes mercede\u00f1os reportaron mejoras sustanciales en los niveles de concentraci\u00f3n dentro del aula, un incremento destacado en la participaci\u00f3n en clase y, sobre todo, un impacto en el clima social escolar: la vuelta de la charla directa y la interacci\u00f3n mutua durante las pausas del recreo, donde las pantallas hab\u00edan desplazado al di\u00e1logo tradicional de cara a cara.<\/p>\n\n\n\n<p>Ese balance satisfactorio en Mercedes funcion\u00f3 y podr\u00eda haber servido como un espejo para la comunidad de Goya, que a partir de ma\u00f1ana lunes 7 de septiembre inicia su propio camino hacia aulas m\u00e1s concentradas y libres de pantallas.<\/p>\n","protected":false},"excerpt":{"rendered":"<p>A partir de ma\u00f1ana, el nivel secundario de la instituci\u00f3n goyana no permitir\u00e1 el ingreso ni el uso de tel\u00e9fonos en clases. La decisi\u00f3n, impulsada por las propias familias, se&hellip; <\/p>\n","protected":false},"author":4,"featured_media":270140,"comment_status":"closed","ping_status":"open","sticky":false,"template":"","format":"standard","meta":{"footnotes":""},"categories":[23],"tags":[],"class_list":["post-270139","post","type-post","status-publish","format-standard","has-post-thumbnail","hentry","category-actualidad"],"_links":{"self":[{"href":"https:\/\/corrientesdetarde.com\/index.php\/wp-json\/wp\/v2\/posts\/270139","targetHints":{"allow":["GET"]}}],"collection":[{"href":"https:\/\/corrientesdetarde.com\/index.php\/wp-json\/wp\/v2\/posts"}],"about":[{"href":"https:\/\/corrientesdetarde.com\/index.php\/wp-json\/wp\/v2\/types\/post"}],"author":[{"embeddable":true,"href":"https:\/\/corrientesdetarde.com\/index.php\/wp-json\/wp\/v2\/users\/4"}],"replies":[{"embeddable":true,"href":"https:\/\/corrientesdetarde.com\/index.php\/wp-json\/wp\/v2\/comments?post=270139"}],"version-history":[{"count":1,"href":"https:\/\/corrientesdetarde.com\/index.php\/wp-json\/wp\/v2\/posts\/270139\/revisions"}],"predecessor-version":[{"id":270141,"href":"https:\/\/corrientesdetarde.com\/index.php\/wp-json\/wp\/v2\/posts\/270139\/revisions\/270141"}],"wp:featuredmedia":[{"embeddable":true,"href":"https:\/\/corrientesdetarde.com\/index.php\/wp-json\/wp\/v2\/media\/270140"}],"wp:attachment":[{"href":"https:\/\/corrientesdetarde.com\/index.php\/wp-json\/wp\/v2\/media?parent=270139"}],"wp:term":[{"taxonomy":"category","embeddable":true,"href":"https:\/\/corrientesdetarde.com\/index.php\/wp-json\/wp\/v2\/categories?post=270139"},{"taxonomy":"post_tag","embeddable":true,"href":"https:\/\/corrientesdetarde.com\/index.php\/wp-json\/wp\/v2\/tags?post=270139"}],"curies":[{"name":"wp","href":"https:\/\/api.w.org\/{rel}","templated":true}]}}