{"id":27016,"date":"2022-12-12T22:17:26","date_gmt":"2022-12-13T01:17:26","guid":{"rendered":"https:\/\/corrientesdetarde.com\/?p=27016"},"modified":"2022-12-12T22:17:31","modified_gmt":"2022-12-13T01:17:31","slug":"desarrollo-social-premio-a-los-dos-ganadores-del-concurso-adornos-navidenos","status":"publish","type":"post","link":"https:\/\/corrientesdetarde.com\/index.php\/eventos\/desarrollo-social-premio-a-los-dos-ganadores-del-concurso-adornos-navidenos\/","title":{"rendered":"Desarrollo Social premi\u00f3 a los dos ganadores del concurso Adornos Navide\u00f1os"},"content":{"rendered":"\n<p>En forma exitosa se llev\u00f3 a cabo este domingo 11&nbsp;el concurso de adornos en la Expo Navide\u00f1a organizada por el Ministerio de Desarrollo Social en el Parque Mitre.<\/p>\n\n\n\n<p>La&nbsp;Direcci\u00f3n de Comercializaci\u00f3n se ocupa de&nbsp;la coordinaci\u00f3n y organizaci\u00f3n de las distintas ferias.<\/p>\n\n\n\n<p>Los participantes del concurso fueron m\u00e1s de diez emprendedores,los ganadores fueron::<\/p>\n\n\n\n<p>Primer premio: Nancy Vallejos (peque\u00f1os Mimos regalos artesanales) de Santa Ana; y Marta Escobar Irene (r\u00fastica home Deco). Segundo premio: Jorge Decing (arte cleta). Tercer premio: Natalia Pedotti.<\/p>\n\n\n\n<p>A todos los ganadores se les obsequi\u00f3 electrodom\u00e9sticos.<\/p>\n\n\n\n<p><\/p>\n\n\n\n<figure class=\"wp-block-image size-large\"><img loading=\"lazy\" decoding=\"async\" width=\"1024\" height=\"768\" src=\"https:\/\/corrientesdetarde.com\/wp-content\/uploads\/2022\/12\/imagen-98675-1024x768.jpg\" alt=\"\" class=\"wp-image-27019\" srcset=\"https:\/\/corrientesdetarde.com\/wp-content\/uploads\/2022\/12\/imagen-98675-1024x768.jpg 1024w, https:\/\/corrientesdetarde.com\/wp-content\/uploads\/2022\/12\/imagen-98675-300x225.jpg 300w, https:\/\/corrientesdetarde.com\/wp-content\/uploads\/2022\/12\/imagen-98675-768x576.jpg 768w, https:\/\/corrientesdetarde.com\/wp-content\/uploads\/2022\/12\/imagen-98675.jpg 1280w\" sizes=\"auto, (max-width: 1024px) 100vw, 1024px\" \/><\/figure>\n\n\n\n<p>Debido a las inclemencias clim\u00e1ticas el s\u00e1bado no se realizaron&nbsp;las Ferias, pero el domingo se concretaron&nbsp;las actividades programadas&nbsp;con&nbsp;espacios de artesanos y&nbsp;recreativo para ni\u00f1os. En el Parque Mitre el momento m\u00e1s destacado fue el concurso de adornos navide\u00f1os al cual se presentaron 10 participantes, siendo seleccionados 4 dos primeros premios y un segundo y un tercero.El p\u00fablico fue el gran jurado en esta ocasi\u00f3n.<\/p>\n\n\n\n<p>Adem\u00e1s de las ornamentaciones que concursaron, en todos los stands ya se vive el esp\u00edritu navide\u00f1o y presentaron productos de gran variedad y a precios econ\u00f3micos.<\/p>\n\n\n\n<p>Como siempre en el Parque Mitre&nbsp;se cont\u00f3 con patio de comidas, comidas para llevar y cervezas artesanales.<\/p>\n\n\n\n<p>Tambi\u00e9n se realiz\u00f3\u00a0Feria en el Parque Eucaliptal del barrio\u00a0San Ger\u00f3nimo, y en\u00a0Plaza Rep\u00fablica del Per\u00fa en las 1000 Viviendas\u00a0con emprendedores del Plan Potenciar Trabajo.<\/p>\n\n\n\n<p><\/p>\n\n\n\n<figure class=\"wp-block-image size-large\"><img loading=\"lazy\" decoding=\"async\" width=\"1024\" height=\"768\" src=\"https:\/\/corrientesdetarde.com\/wp-content\/uploads\/2022\/12\/imagen-98674-1-1024x768.jpg\" alt=\"\" class=\"wp-image-27018\" srcset=\"https:\/\/corrientesdetarde.com\/wp-content\/uploads\/2022\/12\/imagen-98674-1-1024x768.jpg 1024w, https:\/\/corrientesdetarde.com\/wp-content\/uploads\/2022\/12\/imagen-98674-1-300x225.jpg 300w, https:\/\/corrientesdetarde.com\/wp-content\/uploads\/2022\/12\/imagen-98674-1-768x576.jpg 768w, https:\/\/corrientesdetarde.com\/wp-content\/uploads\/2022\/12\/imagen-98674-1.jpg 1280w\" sizes=\"auto, (max-width: 1024px) 100vw, 1024px\" \/><\/figure>\n","protected":false},"excerpt":{"rendered":"<p>En forma exitosa se llev\u00f3 a cabo este domingo 11&nbsp;el concurso de adornos en la Expo Navide\u00f1a organizada por el Ministerio de Desarrollo Social en el Parque Mitre. La&nbsp;Direcci\u00f3n de&hellip; <\/p>\n","protected":false},"author":1,"featured_media":27020,"comment_status":"closed","ping_status":"open","sticky":false,"template":"","format":"standard","meta":{"footnotes":""},"categories":[22],"tags":[],"class_list":["post-27016","post","type-post","status-publish","format-standard","has-post-thumbnail","hentry","category-eventos"],"_links":{"self":[{"href":"https:\/\/corrientesdetarde.com\/index.php\/wp-json\/wp\/v2\/posts\/27016","targetHints":{"allow":["GET"]}}],"collection":[{"href":"https:\/\/corrientesdetarde.com\/index.php\/wp-json\/wp\/v2\/posts"}],"about":[{"href":"https:\/\/corrientesdetarde.com\/index.php\/wp-json\/wp\/v2\/types\/post"}],"author":[{"embeddable":true,"href":"https:\/\/corrientesdetarde.com\/index.php\/wp-json\/wp\/v2\/users\/1"}],"replies":[{"embeddable":true,"href":"https:\/\/corrientesdetarde.com\/index.php\/wp-json\/wp\/v2\/comments?post=27016"}],"version-history":[{"count":1,"href":"https:\/\/corrientesdetarde.com\/index.php\/wp-json\/wp\/v2\/posts\/27016\/revisions"}],"predecessor-version":[{"id":27025,"href":"https:\/\/corrientesdetarde.com\/index.php\/wp-json\/wp\/v2\/posts\/27016\/revisions\/27025"}],"wp:featuredmedia":[{"embeddable":true,"href":"https:\/\/corrientesdetarde.com\/index.php\/wp-json\/wp\/v2\/media\/27020"}],"wp:attachment":[{"href":"https:\/\/corrientesdetarde.com\/index.php\/wp-json\/wp\/v2\/media?parent=27016"}],"wp:term":[{"taxonomy":"category","embeddable":true,"href":"https:\/\/corrientesdetarde.com\/index.php\/wp-json\/wp\/v2\/categories?post=27016"},{"taxonomy":"post_tag","embeddable":true,"href":"https:\/\/corrientesdetarde.com\/index.php\/wp-json\/wp\/v2\/tags?post=27016"}],"curies":[{"name":"wp","href":"https:\/\/api.w.org\/{rel}","templated":true}]}}