{"id":27031,"date":"2022-12-12T23:35:15","date_gmt":"2022-12-13T02:35:15","guid":{"rendered":"https:\/\/corrientesdetarde.com\/?p=27031"},"modified":"2022-12-12T23:35:20","modified_gmt":"2022-12-13T02:35:20","slug":"goya-puso-a-prueba-su-centro-comercial-y-una-semipeatonal","status":"publish","type":"post","link":"https:\/\/corrientesdetarde.com\/index.php\/turismo\/goya-puso-a-prueba-su-centro-comercial-y-una-semipeatonal\/","title":{"rendered":"Goya puso a prueba su centro comercial y una semipeatonal"},"content":{"rendered":"\n<p>Con grandes expectativas para generar un mayor movimiento econ\u00f3mico y comercial, la ciudad de Goya proyecta una novedosa iniciativa impulsada por el Municipio y el sector empresarial privado para dar apertura a un &#8220;shopping a cielo abierto&#8221; en la segunda ciudad de la provincia dentro del marco del plan de modernizaci\u00f3n y sustentabilidad.<\/p>\n\n\n\n<p>La propuesta const\u00f3 de dotar de elementos viales, se\u00f1alizaci\u00f3n y ornamentos a un tramo de la calle Jos\u00e9 G\u00f3mez, entre Espa\u00f1a hasta Juan E. Mart\u00ednez. La prueba piloto se llev\u00f3 a cabo el viernes 9 y s\u00e1bado 10 de diciembre para conocer la respuesta de los ciudadanos goyanos al ver transformada esa arteria como paseo peatonal y avenida comercial.<\/p>\n\n\n\n<p>Seg\u00fan lo explicado en conferencia de prensa, la hora de apertura de dicho centro comercial fue el viernes 9 a las 8 de la ma\u00f1ana y estuvo abierto con la modalidad de semipeatonal hasta el s\u00e1bado a las 20 en horario corrido.<\/p>\n\n\n\n<p>Los ide\u00f3logos apuestan a la generaci\u00f3n de trabajo directo, a la reactivaci\u00f3n econ\u00f3mica de la ciudad, y con cierta expectativa tambi\u00e9n para impulsar el turismo en ese departamento.<\/p>\n\n\n\n<p>El espacio tuvo algunas modificaciones, como la puesta de canteros con plantas, demarcaci\u00f3n de l\u00edneas amarillas para nuevas sendas peatonales y el estacionamiento fue restringido en el trayecto por esas dos cuadras.<\/p>\n\n\n\n<p>Adem\u00e1s del beneficio que le puede traer al comercio hay que sumar a los proveedores y prestadores de servicios que funcionar\u00e1n como fuentes indirectas en los m\u00e1s de 50 locales comerciales, oficinas, restobares, cafeter\u00edas que pueden llegar a incrementar sus ventas.<\/p>\n\n\n\n<p>Lograr el prop\u00f3sito de una ciudad sostenible en materia urban\u00edstica y econ\u00f3mica es el gran objetivo planteado en esta primera instancia.<\/p>\n\n\n\n<p>Luego de esta prueba se har\u00e1 una evaluaci\u00f3n para analizar la efectividad de la propuesta con todos los sectores afectados y de esa manera decidir si se mantendr\u00e1 de forma permanente, adem\u00e1s de la posible implementaci\u00f3n en otro sector de la ciudad.<\/p>\n\n\n\n<p><\/p>\n","protected":false},"excerpt":{"rendered":"<p>Con grandes expectativas para generar un mayor movimiento econ\u00f3mico y comercial, la ciudad de Goya proyecta una novedosa iniciativa impulsada por el Municipio y el sector empresarial privado para dar&hellip; <\/p>\n","protected":false},"author":1,"featured_media":27032,"comment_status":"closed","ping_status":"open","sticky":false,"template":"","format":"standard","meta":{"footnotes":""},"categories":[31],"tags":[],"class_list":["post-27031","post","type-post","status-publish","format-standard","has-post-thumbnail","hentry","category-turismo"],"_links":{"self":[{"href":"https:\/\/corrientesdetarde.com\/index.php\/wp-json\/wp\/v2\/posts\/27031","targetHints":{"allow":["GET"]}}],"collection":[{"href":"https:\/\/corrientesdetarde.com\/index.php\/wp-json\/wp\/v2\/posts"}],"about":[{"href":"https:\/\/corrientesdetarde.com\/index.php\/wp-json\/wp\/v2\/types\/post"}],"author":[{"embeddable":true,"href":"https:\/\/corrientesdetarde.com\/index.php\/wp-json\/wp\/v2\/users\/1"}],"replies":[{"embeddable":true,"href":"https:\/\/corrientesdetarde.com\/index.php\/wp-json\/wp\/v2\/comments?post=27031"}],"version-history":[{"count":1,"href":"https:\/\/corrientesdetarde.com\/index.php\/wp-json\/wp\/v2\/posts\/27031\/revisions"}],"predecessor-version":[{"id":27033,"href":"https:\/\/corrientesdetarde.com\/index.php\/wp-json\/wp\/v2\/posts\/27031\/revisions\/27033"}],"wp:featuredmedia":[{"embeddable":true,"href":"https:\/\/corrientesdetarde.com\/index.php\/wp-json\/wp\/v2\/media\/27032"}],"wp:attachment":[{"href":"https:\/\/corrientesdetarde.com\/index.php\/wp-json\/wp\/v2\/media?parent=27031"}],"wp:term":[{"taxonomy":"category","embeddable":true,"href":"https:\/\/corrientesdetarde.com\/index.php\/wp-json\/wp\/v2\/categories?post=27031"},{"taxonomy":"post_tag","embeddable":true,"href":"https:\/\/corrientesdetarde.com\/index.php\/wp-json\/wp\/v2\/tags?post=27031"}],"curies":[{"name":"wp","href":"https:\/\/api.w.org\/{rel}","templated":true}]}}